{"id":58526,"date":"2020-03-04T10:03:46","date_gmt":"2020-03-04T13:03:46","guid":{"rendered":"https:\/\/www.actualidadadiario.com\/?p=58526"},"modified":"2020-03-04T10:03:46","modified_gmt":"2020-03-04T13:03:46","slug":"previo-a-la-cosecha-de-arandano-2020-buscan-prevenir-el-trabajo-infantil-agricola","status":"publish","type":"post","link":"https:\/\/www.actualidadadiario.com\/index.php\/2020\/03\/04\/previo-a-la-cosecha-de-arandano-2020-buscan-prevenir-el-trabajo-infantil-agricola\/","title":{"rendered":"Previo a la cosecha de ar\u00e1ndano 2020, buscan prevenir el trabajo infantil agr\u00edcola"},"content":{"rendered":"<p style=\"text-align: center;\"><em><strong>Representantes del sector del ar\u00e1ndano en Entre R\u00edos recibieron a autoridades de las \u00e1reas de Trabajo de las delegaciones local, provincial y nacional. Los funcionarios p\u00fabicos coincidieron en poner de relieve la inexistencia de detecciones de trabajo infantil en la regi\u00f3n. Con esa realidad como objetivo a consolidar, productores convocaron a representantes estatales para proponer nuevas iniciativas que sostengan el estatus alcanzando en la regi\u00f3n<\/strong><\/em><\/p>\n<p>&nbsp;<\/p>\n<p>El reconocimiento surgi\u00f3 en el marco de la implementaci\u00f3n del proyecto PAR (Pr\u00e1cticas agr\u00edcolas responsables) en Concordia, impulsado por la fundaci\u00f3n DyA en alianza con el Comit\u00e9 Argentino de Ar\u00e1ndanos (ABC).<\/p>\n<p>Como anticipo de la cosecha 2020, la \u00faltima semana de febrero se realiz\u00f3 en esta ciudad una mesa de trabajo que cont\u00f3 con la participaci\u00f3n de las siguientes instituciones y organismos: Ministerio de Trabajo de la Naci\u00f3n; Secretar\u00eda de Trabajo del Gobierno de Entre R\u00edos; \u00e1rea de Desarrollo Econ\u00f3mico y de Empleo de la Municipalidad de Concordia; COPRETI Consejo de Prevenci\u00f3n del Trabajo Infantil Entre R\u00edos; Consejo de la Producci\u00f3n Concordia; Departamental de Escuelas de Concordia y RENATRE. Adem\u00e1s, hubo representantes de la fundaci\u00f3n DyA, del ABC y de APAMA.<\/p>\n<p>El consenso acordado tuvo como principal eje hacer un seguimiento de las acciones preventivas, de monitoreo y atenci\u00f3n en materia de trabajo infantil agr\u00edcola y trabajo adolescente protegido (16 y 17 a\u00f1os).<\/p>\n<p>Mar\u00f3 Guerrero, Directora de DYA Argentina, detall\u00f3 que la fundaci\u00f3n viene estudiando el ar\u00e1ndano desde hace un a\u00f1o. \u201cDYA ya imparti\u00f3 m\u00e1s de diez talleres de capacitaci\u00f3n en Misiones y Tucum\u00e1n, dirigidos a productores, cuadrilleros, trabajadores de yerbateras y arandaneras, contratistas, j\u00f3venes y a la comunidad en general. Sumar acciones del Estado, del sector productivo y de la sociedad civil, resulta fundamental para establecer un sistema monitoreo y prevenci\u00f3n eficaz\u201d.<\/p>\n<p>Por su parte, Carla Ginobili, Gerenta de ABC afirm\u00f3 que este tipo de iniciativas aseguran un crecimiento econ\u00f3mico sostenible. \u201cSolo mediante el esfuerzo conjunto con la sociedad civil y el Estado podemos procurar nuevas formas de prevenci\u00f3n, monitoreo y atenci\u00f3n comunitaria y promover una nueva cultura de trabajo. Cumplir con la normativa y brindar condiciones laborales justas y seguras es primordial para el crecimiento del sector y por eso para nosotros esta excelente convocatoria que tuvimos en la reuni\u00f3n de Concordia fue muy alentadora, encontramos un sector p\u00fablico comprometido\u201d, finaliz\u00f3.<\/p>\n","protected":false},"excerpt":{"rendered":"<p>Representantes del sector del ar\u00e1ndano en Entre R\u00edos recibieron a autoridades de las \u00e1reas de Trabajo de las delegaciones local, provincial y nacional. Los funcionarios p\u00fabicos coincidieron en poner de relieve la inexistencia de detecciones de trabajo infantil en la regi\u00f3n. Con esa realidad como objetivo a consolidar, productores convocaron a representantes estatales para proponer nuevas iniciativas que sostengan el estatus alcanzando en la regi\u00f3n &nbsp; El reconocimiento surgi\u00f3 en el marco de la implementaci\u00f3n del proyecto PAR (Pr\u00e1cticas agr\u00edcolas responsables) en Concordia, impulsado por la fundaci\u00f3n DyA en alianza&#8230;<\/p>\n","protected":false},"author":3,"featured_media":58527,"comment_status":"closed","ping_status":"closed","sticky":false,"template":"","format":"standard","meta":[],"categories":[15],"tags":[],"_links":{"self":[{"href":"https:\/\/www.actualidadadiario.com\/index.php\/wp-json\/wp\/v2\/posts\/58526"}],"collection":[{"href":"https:\/\/www.actualidadadiario.com\/index.php\/wp-json\/wp\/v2\/posts"}],"about":[{"href":"https:\/\/www.actualidadadiario.com\/index.php\/wp-json\/wp\/v2\/types\/post"}],"author":[{"embeddable":true,"href":"https:\/\/www.actualidadadiario.com\/index.php\/wp-json\/wp\/v2\/users\/3"}],"replies":[{"embeddable":true,"href":"https:\/\/www.actualidadadiario.com\/index.php\/wp-json\/wp\/v2\/comments?post=58526"}],"version-history":[{"count":1,"href":"https:\/\/www.actualidadadiario.com\/index.php\/wp-json\/wp\/v2\/posts\/58526\/revisions"}],"predecessor-version":[{"id":58528,"href":"https:\/\/www.actualidadadiario.com\/index.php\/wp-json\/wp\/v2\/posts\/58526\/revisions\/58528"}],"wp:featuredmedia":[{"embeddable":true,"href":"https:\/\/www.actualidadadiario.com\/index.php\/wp-json\/wp\/v2\/media\/58527"}],"wp:attachment":[{"href":"https:\/\/www.actualidadadiario.com\/index.php\/wp-json\/wp\/v2\/media?parent=58526"}],"wp:term":[{"taxonomy":"category","embeddable":true,"href":"https:\/\/www.actualidadadiario.com\/index.php\/wp-json\/wp\/v2\/categories?post=58526"},{"taxonomy":"post_tag","embeddable":true,"href":"https:\/\/www.actualidadadiario.com\/index.php\/wp-json\/wp\/v2\/tags?post=58526"}],"curies":[{"name":"wp","href":"https:\/\/api.w.org\/{rel}","templated":true}]}}