{"id":58521,"date":"2020-03-04T10:02:22","date_gmt":"2020-03-04T13:02:22","guid":{"rendered":"https:\/\/www.actualidadadiario.com\/?p=58521"},"modified":"2020-03-04T10:02:22","modified_gmt":"2020-03-04T13:02:22","slug":"ingresaron-los-pliegos-de-los-vocales-del-cge-al-senado","status":"publish","type":"post","link":"https:\/\/www.actualidadadiario.com\/index.php\/2020\/03\/04\/ingresaron-los-pliegos-de-los-vocales-del-cge-al-senado\/","title":{"rendered":"Ingresaron los pliegos de los vocales del CGE al Senado"},"content":{"rendered":"<p style=\"text-align: center;\"><em><strong>En la sesi\u00f3n del Senado de este martes, ingresaron nuevos pedidos de Acuerdo Constitucional para cubrir vocal\u00edas del Consejo General de Educaci\u00f3n y se tuvo media sanci\u00f3n un proyecto de ley que homenajea al m\u00e9dico diamantino Domingo Liotta<\/strong><\/em><\/p>\n<p>&nbsp;<\/p>\n<p>&nbsp;<\/p>\n<p>La sesi\u00f3n fue presidida por la vicegobernadora de la provincia, Laura Stratta y estuvieron presentes los 16 representantes departamentales, por la ausencia del Senador de Federaci\u00f3n, Rub\u00e9n Dal Molin, quien se disculp\u00f3 a trav\u00e9s de una nota dirigida a la vicegobernadora.<\/p>\n<p>Ingresaron al Senado y fueron girados a la comisi\u00f3n de Asuntos Constitucionales y Acuerdos, los pliegos que proponen a profesor Humberto Javier Jos\u00e9, al profesor Exequiel Carlos Dami\u00e1n Coronoffo y a la profesora Griselda Di Lello, para ser nombrados como vocales del Consejo General de Educaci\u00f3n.<\/p>\n<p>Fue el Senador del departamento Victoria, Gast\u00f3n Bagnat (Juntos por el Cambio), quien en el turno de los homenajes se refiri\u00f3 al D\u00eda Internacional de la Mujer y present\u00f3 un especial saludo a la vicegobernadora y a las legisladoras que son parte de la C\u00e1mara Alta.<\/p>\n<p>Record\u00f3 el pr\u00f3ximo 8 de marzo sustentando sus palabras \u201cen la sororidad, ese lazo invisible que une a las mujeres de todo el planeta con una fuerza incontenible\u201d.<\/p>\n<p>Record\u00f3 a Micaela Garc\u00eda, destacando las actividades realizadas en la C\u00e1mara Alta en los \u00faltimos d\u00edas, que seg\u00fan su mirada son parte de los logros que van observando de la lucha que encarnan en el d\u00eda a d\u00eda, con esfuerzo, las mujeres entrerrianas.<\/p>\n<p>&nbsp;<\/p>\n<p><strong>Destacan la figura de Domingo Liotta<\/strong><\/p>\n<p>A trav\u00e9s de un proyecto de ley, la Senadora del departamento Diamante, Claudia Gieco (FJ Creer ER), propone que se declare de inter\u00e9s hist\u00f3rico y cultural de Entre R\u00edos, al solar que fuera vivienda del doctor Domingo Santo Liotta, que est\u00e1 ubicado en la ciudad de Diamante.<\/p>\n<p>El expediente fue tratado sobre tablas y recibi\u00f3 media sanci\u00f3n un\u00e1nime del Cuerpo para pasar a la C\u00e1mara de Diputados en Revisi\u00f3n.<\/p>\n<p>La autora consider\u00f3 que \u201ces un orgullo y una emoci\u00f3n\u201d presentar esta iniciativa, ya que se cumplen 50 a\u00f1os del avance en el coraz\u00f3n artificial.<\/p>\n<p>Liotta es un diamantino que ya lleva 75 a\u00f1os enalteciendo la profesi\u00f3n m\u00e9dica. \u201cSe recibi\u00f3 en C\u00f3rdoba becado por la presidencia de la Naci\u00f3n\u201d, con aportes que impulsaba el presidente Juan Domingo Per\u00f3n, destac\u00f3.<\/p>\n<p>Record\u00f3 los trabajos del profesional que fueron truncados en alg\u00fan momento por los vaivenes pol\u00edticos, lo que lo llev\u00f3 a ir fuera del pa\u00eds donde de inmediato es reconocido, como pas\u00f3 en Francia.<\/p>\n<p>Trabaj\u00f3 sobre el proyecto de coraz\u00f3n artificial y condujo un programa sobre el tema en los Estados Unidos. Es autor de centenares de libros y adem\u00e1s ha sido quien patent\u00f3 invenciones que han ayudado a salvar vidas.<\/p>\n<p>\u201cHa hecho mucho bien a la humanidad\u201d, destac\u00f3 la legisladora, quien inform\u00f3 que en esa casa donde vivi\u00f3 funciona un museo que muestra la brillante trayectoria de un hombre de Diamante que \u201cha hecho bien al mundo desde Entre R\u00edos\u201d.\u00a0 Gieco describi\u00f3 los aspectos salientes de la casa.<\/p>\n<p>Observ\u00f3 que \u201chay valores y principios que genera la persona de Liotta\u201d, los que sirven para transformar a trav\u00e9s de la educaci\u00f3n.<\/p>\n","protected":false},"excerpt":{"rendered":"<p>En la sesi\u00f3n del Senado de este martes, ingresaron nuevos pedidos de Acuerdo Constitucional para cubrir vocal\u00edas del Consejo General de Educaci\u00f3n y se tuvo media sanci\u00f3n un proyecto de ley que homenajea al m\u00e9dico diamantino Domingo Liotta &nbsp; &nbsp; La sesi\u00f3n fue presidida por la vicegobernadora de la provincia, Laura Stratta y estuvieron presentes los 16 representantes departamentales, por la ausencia del Senador de Federaci\u00f3n, Rub\u00e9n Dal Molin, quien se disculp\u00f3 a trav\u00e9s de una nota dirigida a la vicegobernadora. Ingresaron al Senado y fueron girados a la comisi\u00f3n&#8230;<\/p>\n","protected":false},"author":3,"featured_media":58522,"comment_status":"closed","ping_status":"closed","sticky":false,"template":"","format":"standard","meta":[],"categories":[15],"tags":[],"_links":{"self":[{"href":"https:\/\/www.actualidadadiario.com\/index.php\/wp-json\/wp\/v2\/posts\/58521"}],"collection":[{"href":"https:\/\/www.actualidadadiario.com\/index.php\/wp-json\/wp\/v2\/posts"}],"about":[{"href":"https:\/\/www.actualidadadiario.com\/index.php\/wp-json\/wp\/v2\/types\/post"}],"author":[{"embeddable":true,"href":"https:\/\/www.actualidadadiario.com\/index.php\/wp-json\/wp\/v2\/users\/3"}],"replies":[{"embeddable":true,"href":"https:\/\/www.actualidadadiario.com\/index.php\/wp-json\/wp\/v2\/comments?post=58521"}],"version-history":[{"count":1,"href":"https:\/\/www.actualidadadiario.com\/index.php\/wp-json\/wp\/v2\/posts\/58521\/revisions"}],"predecessor-version":[{"id":58523,"href":"https:\/\/www.actualidadadiario.com\/index.php\/wp-json\/wp\/v2\/posts\/58521\/revisions\/58523"}],"wp:featuredmedia":[{"embeddable":true,"href":"https:\/\/www.actualidadadiario.com\/index.php\/wp-json\/wp\/v2\/media\/58522"}],"wp:attachment":[{"href":"https:\/\/www.actualidadadiario.com\/index.php\/wp-json\/wp\/v2\/media?parent=58521"}],"wp:term":[{"taxonomy":"category","embeddable":true,"href":"https:\/\/www.actualidadadiario.com\/index.php\/wp-json\/wp\/v2\/categories?post=58521"},{"taxonomy":"post_tag","embeddable":true,"href":"https:\/\/www.actualidadadiario.com\/index.php\/wp-json\/wp\/v2\/tags?post=58521"}],"curies":[{"name":"wp","href":"https:\/\/api.w.org\/{rel}","templated":true}]}}