{"id":58518,"date":"2020-03-04T10:01:43","date_gmt":"2020-03-04T13:01:43","guid":{"rendered":"https:\/\/www.actualidadadiario.com\/?p=58518"},"modified":"2020-03-04T10:01:43","modified_gmt":"2020-03-04T13:01:43","slug":"politicas-de-cuidado-y-cultura-de-la-corresponsabilidad-el-eje-de-la-segunda-mesa-de-trabajo-hacia-la-paridad","status":"publish","type":"post","link":"https:\/\/www.actualidadadiario.com\/index.php\/2020\/03\/04\/politicas-de-cuidado-y-cultura-de-la-corresponsabilidad-el-eje-de-la-segunda-mesa-de-trabajo-hacia-la-paridad\/","title":{"rendered":"Pol\u00edticas de cuidado y cultura de la corresponsabilidad, el eje de la segunda Mesa de Trabajo hacia la Paridad"},"content":{"rendered":"<p style=\"text-align: center;\"><em><strong>La actividad es impulsada por el Observatorio de G\u00e9neros y Derechos Humanos, la vicegobernadora de Entre R\u00edos, Laura Stratta junto a Sigrid Kunath, coordinadora del espacio, abrieron la jornada<\/strong><\/em><\/p>\n<p>&nbsp;<\/p>\n<p>&nbsp;<\/p>\n<p>Bajo el eje tem\u00e1tico La carrera pol\u00edtica de las mujeres: el rol central de las pol\u00edticas de cuidado y la cultura de la corresponsabilidad, expusieron Celia Arena, secretaria de Estado de G\u00e9nero e Igualdad de Santa Fe; Rosario Romero, ministra de Gobierno y Justicia de Entre R\u00edos; Lucy Grimalt, ex diputada y titular del Programa de Salud Sexual y Reproductiva de Entre R\u00edos; Mariana Farf\u00e1n, diputada provincial (Frente Justicialista Creer Entre R\u00edos-Gualeguaych\u00fa); Claudia Monjo, intendenta de Villaguay; y Brenda Ullman, subsecretaria de Juventud de Entre R\u00edos. La actividad se desarroll\u00f3 este martes antes del mediod\u00eda en el Museo Hist\u00f3rico Martiniano Leguizam\u00f3n, de Paran\u00e1.<\/p>\n<p>La vicegobernadora agradeci\u00f3 a todos y a todas por la participaci\u00f3n y valor\u00f3 la presencia de cada una de las mujeres expositoras, especialmente, a Celia Arenas que lleg\u00f3 a Paran\u00e1 a enriquecer el debate. Asimismo, destac\u00f3 la presencia de los varones. \u201cNo podemos seguir debatiendo \u00fanicamente entre las mujeres, porque debemos comprender que se trata de un debate hacia una mejor sociedad con mayores oportunidades, con m\u00e1s igualdad y equidad\u201d, expres\u00f3 Stratta al tiempo que remarc\u00f3: \u201cQuiero destacar la decisi\u00f3n del gobernador Gustavo Bordet de tener un gabinete y de haber conformado una f\u00f3rmula con equidad de g\u00e9nero; y tambi\u00e9n de plantear en su discurso ante la Asamblea Legislativa, que la equidad en la Legislatura provincial es una prioridad\u201d.<\/p>\n<p>En tanto, la titular a cargo del Observatorio de G\u00e9neros y Derechos Humanos, destac\u00f3 la necesidad de retomar la agenda de las pol\u00edticas de cuidados y ver qu\u00e9 pasa con el uso del tiempo en los hogares, abord\u00e1ndolo de forma preventiva, las ra\u00edces de las desigualdades. &#8220;Las definiciones pol\u00edticas como el Observatorio es un momento muy interesante para profundizar pol\u00edticas que se ven\u00edan desarrollando\u201d, manifest\u00f3 Kunath.<\/p>\n<p>Por su parte, Celia Arenas agradeci\u00f3 la convocatoria y valor\u00f3 este tipo de propuestas que son muy necesarias para construir sociedades m\u00e1s igualitarias. \u201cConsidero que la pol\u00edtica es la herramienta de transformaci\u00f3n, otras personas eligen otras formas, en que cada uno participa para mejorar la sociedad\u201d, opin\u00f3.<\/p>\n<p>En su exposici\u00f3n, la secretaria de Estado de G\u00e9nero e Igualdad de Santa Fe, hizo un recorrido hist\u00f3rico del avance de los derechos de las mujeres en diversos \u00e1mbitos. \u201cNuestro pa\u00eds es pionero\u201d, remarc\u00f3 tras mencionar por ejemplo en materia de legislaci\u00f3n, medidas concretas de acci\u00f3n positiva, ley de cupos y ley de paridad.<\/p>\n<p>En tal sentido, la funcionaria consider\u00f3: \u201cLa paridad es mucho m\u00e1s rica que el cupo, no por la participaci\u00f3n del 50 por ciento, sino porque se plantea entre mujeres y hombres y es una participaci\u00f3n conjunta\u201d, valor\u00f3.<\/p>\n<p>Luego, en otro tramo de su exposici\u00f3n, Arenas refiri\u00f3 al rol de las mujeres en cuestiones vinculadas a las pol\u00edticas de cuidados que \u201cest\u00e1n en la base de la desigualdad estructural entre varones y mujeres, y el Estado tiene una gran responsabilidad de corregir estas situaciones para poner en igualdad de condiciones\u201d, afirm\u00f3.<\/p>\n","protected":false},"excerpt":{"rendered":"<p>La actividad es impulsada por el Observatorio de G\u00e9neros y Derechos Humanos, la vicegobernadora de Entre R\u00edos, Laura Stratta junto a Sigrid Kunath, coordinadora del espacio, abrieron la jornada &nbsp; &nbsp; Bajo el eje tem\u00e1tico La carrera pol\u00edtica de las mujeres: el rol central de las pol\u00edticas de cuidado y la cultura de la corresponsabilidad, expusieron Celia Arena, secretaria de Estado de G\u00e9nero e Igualdad de Santa Fe; Rosario Romero, ministra de Gobierno y Justicia de Entre R\u00edos; Lucy Grimalt, ex diputada y titular del Programa de Salud Sexual y&#8230;<\/p>\n","protected":false},"author":3,"featured_media":58519,"comment_status":"closed","ping_status":"closed","sticky":false,"template":"","format":"standard","meta":[],"categories":[15],"tags":[],"_links":{"self":[{"href":"https:\/\/www.actualidadadiario.com\/index.php\/wp-json\/wp\/v2\/posts\/58518"}],"collection":[{"href":"https:\/\/www.actualidadadiario.com\/index.php\/wp-json\/wp\/v2\/posts"}],"about":[{"href":"https:\/\/www.actualidadadiario.com\/index.php\/wp-json\/wp\/v2\/types\/post"}],"author":[{"embeddable":true,"href":"https:\/\/www.actualidadadiario.com\/index.php\/wp-json\/wp\/v2\/users\/3"}],"replies":[{"embeddable":true,"href":"https:\/\/www.actualidadadiario.com\/index.php\/wp-json\/wp\/v2\/comments?post=58518"}],"version-history":[{"count":1,"href":"https:\/\/www.actualidadadiario.com\/index.php\/wp-json\/wp\/v2\/posts\/58518\/revisions"}],"predecessor-version":[{"id":58520,"href":"https:\/\/www.actualidadadiario.com\/index.php\/wp-json\/wp\/v2\/posts\/58518\/revisions\/58520"}],"wp:featuredmedia":[{"embeddable":true,"href":"https:\/\/www.actualidadadiario.com\/index.php\/wp-json\/wp\/v2\/media\/58519"}],"wp:attachment":[{"href":"https:\/\/www.actualidadadiario.com\/index.php\/wp-json\/wp\/v2\/media?parent=58518"}],"wp:term":[{"taxonomy":"category","embeddable":true,"href":"https:\/\/www.actualidadadiario.com\/index.php\/wp-json\/wp\/v2\/categories?post=58518"},{"taxonomy":"post_tag","embeddable":true,"href":"https:\/\/www.actualidadadiario.com\/index.php\/wp-json\/wp\/v2\/tags?post=58518"}],"curies":[{"name":"wp","href":"https:\/\/api.w.org\/{rel}","templated":true}]}}