{"id":58515,"date":"2020-03-04T10:00:59","date_gmt":"2020-03-04T13:00:59","guid":{"rendered":"https:\/\/www.actualidadadiario.com\/?p=58515"},"modified":"2020-03-04T10:00:59","modified_gmt":"2020-03-04T13:00:59","slug":"comenzo-la-firma-de-convenios-con-los-municipios-para-fortalecer-las-politicas-alimentarias-provinciales","status":"publish","type":"post","link":"https:\/\/www.actualidadadiario.com\/index.php\/2020\/03\/04\/comenzo-la-firma-de-convenios-con-los-municipios-para-fortalecer-las-politicas-alimentarias-provinciales\/","title":{"rendered":"Comenz\u00f3 la firma de convenios con los municipios para fortalecer las pol\u00edticas alimentarias provinciales"},"content":{"rendered":"<p style=\"text-align: center;\"><em><strong>El gobierno entrerriano, en el marco del Plan Argentina contra el Hambre, inici\u00f3 la firma de convenios con los municipios para el reempadronamiento de los titulares de derecho en materia de pol\u00edticas alimentarias<\/strong><\/em><\/p>\n<p>&nbsp;<\/p>\n<p>&nbsp;<\/p>\n<p>Estos acuerdos tienen por finalidad potenciar los programas provinciales para complementar el trabajo con la Naci\u00f3n.<\/p>\n<p>La ministra de Desarrollo Social, Marisa Paira, firm\u00f3 convenios de cooperaci\u00f3n con los municipios de Galarza, San Jos\u00e9 de Feliciano, El Pingo, Tabossi, Aldea Mar\u00eda Luisa, Urdinarrain y la junta de gobierno de Las Garzas para la ejecuci\u00f3n de los programas alimentarios provinciales, con el objetivo de fijar una estrategia en com\u00fan.<\/p>\n<p>Al respecto, la ministra se\u00f1al\u00f3: \u201cEstamos trabajando para fortalecer las pol\u00edticas destinas a quienes no van a tener la Tarjeta Alimentar, es un trabajo complementado entre Naci\u00f3n y provincia para dar respuestas a las familias que se encuentran en situaci\u00f3n de vulnerabilidad\u201d.<\/p>\n<p>\u201cCon el gobernador Gustavo Bordet tenemos el compromiso de avanzar en un camino que nos permita consolidar los programas alimentarios a partir del intercambio de informaci\u00f3n, la actualizaci\u00f3n de datos y el reempadronamiento de los titulares de derecho con los municipios. Adem\u00e1s, queremos abordar el eje de educaci\u00f3n nutricional en forma articulada con las dem\u00e1s \u00e1reas del gobierno\u201d, puntualiz\u00f3 Paira.<\/p>\n<p>Por su parte, el subsecretario de Pol\u00edticas Alimentarias, Lautaro Valdiviezo, remarc\u00f3: \u201cComo nos ha marcado la ministra, nuestro objetivo principal es que las pol\u00edticas que dise\u00f1amos lleguen a las personas que las necesitan, por eso realizamos este trabajo junto con los municipios, juntas de gobierno y comunas\u201d.<\/p>\n<p>\u201cQueremos ir m\u00e1s all\u00e1 del alta de las Tarjetas Sociales de la provincia y poder consolidar espacios de comercializaci\u00f3n con productores locales y las diversas acciones que tenemos que impulsar desde el eje de seguridad alimentaria\u201d, concluy\u00f3 el funcionario.<\/p>\n<p>&nbsp;<\/p>\n<p><strong>Alcances de los acuerdos<\/strong><\/p>\n<p>A partir de la firma del convenio, los municipios, juntas de gobierno y comunas adhieren a las estrategias que en materia de seguridad alimentaria viene implementado el gobierno de Entre R\u00edos, a trav\u00e9s del Ministerio de Desarrollo Social, en el marco de los programas provinciales vigentes.<\/p>\n<p>La cartera social se compromete a propiciar acciones complementarias de promoci\u00f3n, difusi\u00f3n y asesoramiento relacionadas con la tem\u00e1tica alimentaria, tendientes a mejorar la calidad de vida de la franja de poblaci\u00f3n destinataria del convenio, as\u00ed como instancias participativas donde no solo est\u00e9 presente el Estado sino el conjunto de los actores sociales.<\/p>\n<p>Adem\u00e1s, el Ministerio garantiza la asistencia t\u00e9cnica, asesoramiento y capacitaci\u00f3n a los recursos humanos de los municipios, juntas de gobierno y comunas en materia de informaci\u00f3n, organizaci\u00f3n, aspectos nutricionales y operativos vinculados a la ejecuci\u00f3n del acuerdo. Y acuerda mantener actualizada la base de datos de los titulares de derecho de los diferentes programas alimentarios.<\/p>\n<p>&nbsp;<\/p>\n<p><strong>La importancia de las pol\u00edticas alimentarias<\/strong><\/p>\n<p>El intendente de Galarza, Fabi\u00e1n Menescardi, fue el primero en rubricar el convenio y agradeci\u00f3 el acompa\u00f1amiento por parte de la titular de la cartera social. \u201cPara nuestra ciudad es muy importante este trabajo articulado, porque nos permite llevar adelante estas acciones que de otra forma no podr\u00edamos afrontar solos\u201d, afirm\u00f3.<\/p>\n<p>Al respecto, el intendente de San Jos\u00e9 de Feliciano, Dami\u00e1n Arevalo, plante\u00f3: \u201cA trav\u00e9s de este convenio vamos a realizar un relevamiento que nos permita seguir trabajando, en conjunto con la provincia, con un padr\u00f3n alimentario en la ciudad y acompa\u00f1ar a quienes necesitan de estas pol\u00edticas\u201d.<\/p>\n<p>La intendenta de Tabossi, Liliana Landra, tambi\u00e9n destac\u00f3: \u201cEl convenio alimentario es muy importante para la localidad porque alcanzar\u00e1 a las personas o familias de escasos recursos, que en muchos casos est\u00e1n sin trabajo. Y que puedan contar con una tarjeta es fundamental, especialmente para los ni\u00f1os en desarrollo\u201d.<\/p>\n<p>En la misma l\u00ednea, el intendente de El Pingo, Diego Plassy, se\u00f1al\u00f3: \u201cEl \u00e1rea de Desarrollo Social es fundamental y muy sensible. Por eso, para nosotros, es satisfactorio y positivo haber podido firmar el convenio\u201d.<\/p>\n<p>A su turno, el presidente municipal de Aldea Mar\u00eda Luisa, Luis Pablo Schonfeld, consider\u00f3: \u201cLa firma de este convenio alimentario nos permite intercambiar datos y conformar un registro \u00fanico de la tarjeta provincial y de la nacional. Eso nos va a posibilitar tener un \u00fanico padr\u00f3n en la provincia con todos los beneficios que tiene la gente\u201d.<\/p>\n<p>La presidenta de la junta de gobierno de Las Garzas, Daniela Godoy, tambi\u00e9n resalt\u00f3 el valor de rubricar el convenio con el Ministerio. \u201cInicialmente nos permite saber cu\u00e1ntas tarjetas tenemos distribuidas en la localidad y tambi\u00e9n brinda la posibilidad de que familias de bajos recursos accedan a las diferentes prestaciones en materia alimentaria, sea la Tarjeta Alimentar o las tarjetas de riesgo social o nutricional\u201d.<\/p>\n<p>Finalmente, el intendente de Urdinarrain, Sergio Mart\u00ednez, celebr\u00f3 la concreci\u00f3n de la r\u00fabrica y comparti\u00f3 con la ministra planteos inherentes a la realidad social de la comunidad.<\/p>\n","protected":false},"excerpt":{"rendered":"<p>El gobierno entrerriano, en el marco del Plan Argentina contra el Hambre, inici\u00f3 la firma de convenios con los municipios para el reempadronamiento de los titulares de derecho en materia de pol\u00edticas alimentarias &nbsp; &nbsp; Estos acuerdos tienen por finalidad potenciar los programas provinciales para complementar el trabajo con la Naci\u00f3n. La ministra de Desarrollo Social, Marisa Paira, firm\u00f3 convenios de cooperaci\u00f3n con los municipios de Galarza, San Jos\u00e9 de Feliciano, El Pingo, Tabossi, Aldea Mar\u00eda Luisa, Urdinarrain y la junta de gobierno de Las Garzas para la ejecuci\u00f3n de&#8230;<\/p>\n","protected":false},"author":3,"featured_media":58516,"comment_status":"closed","ping_status":"closed","sticky":false,"template":"","format":"standard","meta":[],"categories":[15],"tags":[],"_links":{"self":[{"href":"https:\/\/www.actualidadadiario.com\/index.php\/wp-json\/wp\/v2\/posts\/58515"}],"collection":[{"href":"https:\/\/www.actualidadadiario.com\/index.php\/wp-json\/wp\/v2\/posts"}],"about":[{"href":"https:\/\/www.actualidadadiario.com\/index.php\/wp-json\/wp\/v2\/types\/post"}],"author":[{"embeddable":true,"href":"https:\/\/www.actualidadadiario.com\/index.php\/wp-json\/wp\/v2\/users\/3"}],"replies":[{"embeddable":true,"href":"https:\/\/www.actualidadadiario.com\/index.php\/wp-json\/wp\/v2\/comments?post=58515"}],"version-history":[{"count":1,"href":"https:\/\/www.actualidadadiario.com\/index.php\/wp-json\/wp\/v2\/posts\/58515\/revisions"}],"predecessor-version":[{"id":58517,"href":"https:\/\/www.actualidadadiario.com\/index.php\/wp-json\/wp\/v2\/posts\/58515\/revisions\/58517"}],"wp:featuredmedia":[{"embeddable":true,"href":"https:\/\/www.actualidadadiario.com\/index.php\/wp-json\/wp\/v2\/media\/58516"}],"wp:attachment":[{"href":"https:\/\/www.actualidadadiario.com\/index.php\/wp-json\/wp\/v2\/media?parent=58515"}],"wp:term":[{"taxonomy":"category","embeddable":true,"href":"https:\/\/www.actualidadadiario.com\/index.php\/wp-json\/wp\/v2\/categories?post=58515"},{"taxonomy":"post_tag","embeddable":true,"href":"https:\/\/www.actualidadadiario.com\/index.php\/wp-json\/wp\/v2\/tags?post=58515"}],"curies":[{"name":"wp","href":"https:\/\/api.w.org\/{rel}","templated":true}]}}