{"id":58513,"date":"2020-03-04T10:00:13","date_gmt":"2020-03-04T13:00:13","guid":{"rendered":"https:\/\/www.actualidadadiario.com\/?p=58513"},"modified":"2020-03-04T10:00:13","modified_gmt":"2020-03-04T13:00:13","slug":"puja-entre-oficialismo-y-oposicion-por-las-comisiones-en-diputados","status":"publish","type":"post","link":"https:\/\/www.actualidadadiario.com\/index.php\/2020\/03\/04\/puja-entre-oficialismo-y-oposicion-por-las-comisiones-en-diputados\/","title":{"rendered":"Puja entre oficialismo y oposici\u00f3n por las comisiones en Diputados"},"content":{"rendered":"<p style=\"text-align: center;\"><em><strong>El bloque justicialista y el interbloque de Cambiemos mantienen desde hace semanas una fuerte puja por la distribuci\u00f3n de las presidencias de las comisiones en la C\u00e1mara de Diputados. El oficialismo tiene un proyecto para ampliarlas de 11 a 18, pero s\u00f3lo le ofrecer\u00eda la titularidad de 4 a la oposici\u00f3n, que pretende mantener la proporcionalidad que se ven\u00eda manejando<\/strong><\/em><\/p>\n<p>&nbsp;<\/p>\n<p>El justicialismo ha hecho circular de manera informal un borrador para modificar el reglamento de la C\u00e1mara y ampliar el n\u00famero de comisiones para pasarlas de 11 a 18 \u201cen virtud a las nuevas din\u00e1micas como as\u00ed tambi\u00e9n a la realizaci\u00f3n de nuevos objetivos planteados en virtud a dispositivos constitucionales modernizados y nuevos par\u00e1metros sociales que implican la necesidad de un avocamiento particular, es que surge la presente (SIC)\u201d, detalla la fundamentaci\u00f3n de la iniciativa.<\/p>\n<p>Por eso \u201cresulta necesaria una nueva disposici\u00f3n de tales comisiones, redistribuyendo su capacidad tem\u00e1tica e incorpor\u00e1ndose nuevas contingencias que deben ser consideradas especialmente por esta C\u00e1mara\u201d.<\/p>\n<p>El proyecto del peronismo y sus aliados pasa por mantener algunas comisiones ya existentes y desglosar otras.<\/p>\n<p>Las que permanecer\u00edan tal como est\u00e1n son las que resultan claves para el funcionamiento de la Administraci\u00f3n P\u00fablica:<\/p>\n<p>&nbsp;<\/p>\n<p>Asuntos Constitucionales, Juicio Pol\u00edtico y Peticiones, Poderes y Reglamento.<\/p>\n<p>Hacienda, Presupuesto y Cuentas.<\/p>\n<p>Legislaci\u00f3n General.<\/p>\n<p>Educaci\u00f3n, Ciencia y Tecnolog\u00eda.<\/p>\n<p>Asuntos Municipales y Comunales.<\/p>\n<p>Ejemplos de desglose ser\u00edan, por ejemplo, Salud y Desarrollo Social, que pasar\u00edan a tener una espec\u00edfica para cada \u00e1rea. O Comunicaciones, Energ\u00eda, Transporte, Comercio y Asuntos Internacionales, que quedar\u00eda dividida en Comunicaciones, Energ\u00eda y Transporte por un lado y Asuntos Internacionales por otro. En el borrador, no est\u00e1 claro d\u00f3nde quedar\u00e1 \u201cTierras\u201d: la duda es que si pasar\u00e1 a estar con Legislaci\u00f3n Agraria o con Recursos Naturales.<\/p>\n<p>En s\u00edntesis, a las 5 que permanecer\u00edan sin cambios se les sumar\u00edan trece productos de los desdoblamientos e incorporaciones:<\/p>\n<p>&nbsp;<\/p>\n<p>Legislaci\u00f3n Agraria y Tierras<\/p>\n<p>Econom\u00edas Regionales.<\/p>\n<p>Comercio, Industria y Producci\u00f3n<\/p>\n<p>Trabajo, Empleo y Seguridad Social<\/p>\n<p>Obras P\u00fablicas<\/p>\n<p>Recursos Naturales, Ambiente y Tierras<\/p>\n<p>Salud P\u00fablica<\/p>\n<p>Desarrollo Social<\/p>\n<p>Comunicaciones, Energ\u00eda, Transporte<\/p>\n<p>Asuntos Internacionales.<\/p>\n<p>Asuntos Cooperativos y Mutuales<\/p>\n<p>Cultura, Turismo y Deporte.<\/p>\n<p>Banca de la Mujer, G\u00e9neros y Diversidad<\/p>\n<p>&nbsp;<\/p>\n<p><strong>Pujas<\/strong><\/p>\n<p>A este listado, el interbloque de Cambiemos pretende sumar \u201cSeguridad\u201d, en paralelo con lo que ocurre en el Senado donde ya existe esa comisi\u00f3n. El oficialismo no opondr\u00eda mayor oposici\u00f3n a este punto. La disputa est\u00e1 en otro lado.<\/p>\n<p>Hasta el momento hubo dos encuentros entre el presidente de la bancada justicialista, Juan Navarro, y referentes de Cambiemos.<\/p>\n<p>La primera reuni\u00f3n fue el viernes previo al fin de semana largo de Carnaval. All\u00ed estuvo cara a cara con el presidente del bloque del PRO, Esteban Vitor, y le llev\u00f3 la propuesta original: a la oposici\u00f3n le dar\u00edan Legislaci\u00f3n Agraria, Econom\u00edas Regionales, Asuntos Internacionales y Asuntos Cooperativos y Mutuales. Vitor rechaz\u00f3 la propuesta. Su argumento b\u00e1sico fue que entre 2015 y 2019 el bloque opositor ten\u00eda 12 integrantes y presid\u00eda 5 de las 11 comisiones (casi la mitad), por lo que era imposible aceptar ahora 4 de 18 (menos de la cuarta parte).<\/p>\n<p>El legislador opositor\u00a0 reclam\u00f3 adem\u00e1s las presidencias de Asuntos Municipales y Trabajo, dos comisiones que tuvieron en la gesti\u00f3n pasada. Pero esta vez la negativa vino de parte de Navarro. Sobre la primera dijo que ahora no les correspond\u00eda porque el interbloque ya no manejaba tantos municipios como entre 2015 y 2019, cuando tuvo a su cargo casi la mitad de las intendencias. Y con respecto a la segunda, donde la oposici\u00f3n ten\u00eda intenciones de ubicar a Manuel Troncoso, dirigente con antecedentes sindicales, indic\u00f3 que ya estaba prometida al diputado Juan Manuel Huss, referente de La C\u00e1mpora en el Frente Justicialista.<\/p>\n<p>Esta \u00faltima tensi\u00f3n podr\u00eda encausarse con una divisi\u00f3n entre Trabajo y Empleo por un lado y Seguridad Social por otro. Es esta \u00faltima cuesti\u00f3n la que interesa al oficialismo, dado que es por all\u00ed donde deber\u00e1 pasar cualquier modificaci\u00f3n que se realice (con o sin mesa de di\u00e1logo) al r\u00e9gimen de jubilaciones y pensiones de la provincia.<\/p>\n<p>El segundo encuentro fue el mi\u00e9rcoles pasado. Se sum\u00f3 all\u00ed Juan Domingo Zacar\u00edas, dirigente del Movimiento Social Entrerriano y tambi\u00e9n integrante del interbloque de Cambiemos. La postura de Navarro fue m\u00e1s conciliadora y mencion\u00f3 que es probable que el justicialismo termine aceptando varios reclamos de los opositores. Eso se discutir\u00e1 en un encuentro de la bancada oficialista a realizarse entre este martes y mi\u00e9rcoles por la noche.<\/p>\n<p>Resolver la cantidad de comisiones, sus competencias y quienes las presidan no es un asunto menor. A los comit\u00e9s deben enviarse los proyectos para ser tratados y analizados antes de que sean votados por el pleno. Y quien las preside puede manejar la agenda de la comisi\u00f3n y definir qu\u00e9 se trata y que no. Por eso es una materia a tener encauzada antes de que la C\u00e1mara retome su funcionamiento habitual, ya que en los \u00faltimos tres meses s\u00f3lo sesion\u00f3 una vez y volvi\u00f3 a convocarse s\u00f3lo para integrar sus autoridades.<\/p>\n","protected":false},"excerpt":{"rendered":"<p>El bloque justicialista y el interbloque de Cambiemos mantienen desde hace semanas una fuerte puja por la distribuci\u00f3n de las presidencias de las comisiones en la C\u00e1mara de Diputados. El oficialismo tiene un proyecto para ampliarlas de 11 a 18, pero s\u00f3lo le ofrecer\u00eda la titularidad de 4 a la oposici\u00f3n, que pretende mantener la proporcionalidad que se ven\u00eda manejando &nbsp; El justicialismo ha hecho circular de manera informal un borrador para modificar el reglamento de la C\u00e1mara y ampliar el n\u00famero de comisiones para pasarlas de 11 a 18&#8230;<\/p>\n","protected":false},"author":3,"featured_media":43279,"comment_status":"closed","ping_status":"closed","sticky":false,"template":"","format":"standard","meta":[],"categories":[9],"tags":[],"_links":{"self":[{"href":"https:\/\/www.actualidadadiario.com\/index.php\/wp-json\/wp\/v2\/posts\/58513"}],"collection":[{"href":"https:\/\/www.actualidadadiario.com\/index.php\/wp-json\/wp\/v2\/posts"}],"about":[{"href":"https:\/\/www.actualidadadiario.com\/index.php\/wp-json\/wp\/v2\/types\/post"}],"author":[{"embeddable":true,"href":"https:\/\/www.actualidadadiario.com\/index.php\/wp-json\/wp\/v2\/users\/3"}],"replies":[{"embeddable":true,"href":"https:\/\/www.actualidadadiario.com\/index.php\/wp-json\/wp\/v2\/comments?post=58513"}],"version-history":[{"count":1,"href":"https:\/\/www.actualidadadiario.com\/index.php\/wp-json\/wp\/v2\/posts\/58513\/revisions"}],"predecessor-version":[{"id":58514,"href":"https:\/\/www.actualidadadiario.com\/index.php\/wp-json\/wp\/v2\/posts\/58513\/revisions\/58514"}],"wp:featuredmedia":[{"embeddable":true,"href":"https:\/\/www.actualidadadiario.com\/index.php\/wp-json\/wp\/v2\/media\/43279"}],"wp:attachment":[{"href":"https:\/\/www.actualidadadiario.com\/index.php\/wp-json\/wp\/v2\/media?parent=58513"}],"wp:term":[{"taxonomy":"category","embeddable":true,"href":"https:\/\/www.actualidadadiario.com\/index.php\/wp-json\/wp\/v2\/categories?post=58513"},{"taxonomy":"post_tag","embeddable":true,"href":"https:\/\/www.actualidadadiario.com\/index.php\/wp-json\/wp\/v2\/tags?post=58513"}],"curies":[{"name":"wp","href":"https:\/\/api.w.org\/{rel}","templated":true}]}}