{"id":58510,"date":"2020-03-04T09:59:18","date_gmt":"2020-03-04T12:59:18","guid":{"rendered":"https:\/\/www.actualidadadiario.com\/?p=58510"},"modified":"2020-03-04T09:59:18","modified_gmt":"2020-03-04T12:59:18","slug":"la-provincia-aumento-un-20-por-ciento-las-becas-estudiantiles-y-los-fondos-para-el-transporte-escolar","status":"publish","type":"post","link":"https:\/\/www.actualidadadiario.com\/index.php\/2020\/03\/04\/la-provincia-aumento-un-20-por-ciento-las-becas-estudiantiles-y-los-fondos-para-el-transporte-escolar\/","title":{"rendered":"La provincia aument\u00f3 un 20 por ciento las becas estudiantiles y los fondos para el transporte escolar"},"content":{"rendered":"<p style=\"text-align: center;\"><em><strong>El gobernador Gustavo Bordet dispuso un incremento del 20 por ciento, en promedio, para todas las becas que se otorgan a trav\u00e9s del Instituto Becario. La medida incluye un aumento similar para el transporte rural. En total la inversi\u00f3n comprende unos 100 millones de pesos anuales<\/strong><\/em><\/p>\n<p>&nbsp;<\/p>\n<p>&nbsp;<\/p>\n<p>&#8220;Fortalecer el acceso y la permanencia de nuestros j\u00f3venes en el sistema educativo representa una prioridad para nuestra gesti\u00f3n. Si en verdad queremos sentar las bases de un proyecto de desarrollo sostenido en el tiempo tenemos que poner en el centro de las pol\u00edticas y de nuestros esfuerzos a la educaci\u00f3n. Eso es lo que estamos haciendo&#8221;, afirm\u00f3 en ese marco el gobernador Gustavo Bordet.<\/p>\n<p>El mandatario puso de relieve que &#8220;de la misma manera hemos hecho un esfuerzo muy grande durante todo 2019 para brindarle a nuestros docentes el mayor aumento salarial posible, que fue del 57,6 por ciento, por encima de la inflaci\u00f3n de ese a\u00f1o&#8221;, y adelant\u00f3 que tambi\u00e9n &#8220;trabajaremos en el marco del di\u00e1logo y respeto que siempre hemos mantenido con las organizaciones gremiales para llegar al mejor acuerdo para este a\u00f1o&#8221;.<\/p>\n<p>Por \u00faltimo, Bordet destac\u00f3 que &#8220;nos pone tambi\u00e9n muy contentos poder avanzar en este incremento para las becas estudiantiles que representan una herramienta indispensables para muchas familias y para que miles de j\u00f3venes puedan desarrollar sus estudios, al igual que lo referido a los fondos para el transporte escolar, tan necesario para las comunidades educativas en el \u00e1mbito rural y fluvial&#8221;.<\/p>\n<p>En el mismo sentido se manifest\u00f3 el director Ejecutivo del Becario, Sebasti\u00e1n Bertoli, quien resalt\u00f3 la decisi\u00f3n del gobernador y dijo que refuerza la pol\u00edtica de inclusi\u00f3n y calidad educativa que lleva adelante el gobierno Entre R\u00edos.<\/p>\n<p>Los incrementos rigen a partir de este mes de marzo para todos los programas y beneficios vigentes y se dan en el marco de la planificaci\u00f3n anual del organismo provincial.<\/p>\n<p>Actualmente se brinda apoyo econ\u00f3mico en los diferentes niveles educativos y en otros rubros, con una inversi\u00f3n total anual, incluido el aumento otorgado ahora, que llega a los 555.981.814 pesos. Es decir que la suma destinada al incremento para el a\u00f1o actual ronda los 100 millones de pesos.<\/p>\n<p>&nbsp;<\/p>\n<p><strong>Detalle de los beneficios<\/strong><\/p>\n<p>En total se otorgan actualmente 42.673 becas. Discriminados por niveles y sectores, el detalle en cada uno de ellos es el siguiente:<\/p>\n<p>En el nivel secundario se otorgan 22.418 beneficios y en el superior (terciario y universitario) son 8.357. Las becas culturales llegan a 421 beneficiarios, para alumnos con discapacidad son 928, las becas rurales de estudio son 1361 y las becas rurales de transporte 9.188. Vale acotar que en este \u00faltimo caso son los alumnos de las zonas rurales los que reciben el beneficio para que ellos mismos puedan solventar el servicio de transporte.<\/p>\n<p>Desde el Becario, que solventa en su mayor parte el beneficio a los estudiantes a trav\u00e9s del aporte de los profesionales entrerrianos, se indic\u00f3 que \u201cesta decisi\u00f3n de recomponer los montos es fruto de las pol\u00edticas bien definidas en materia de educaci\u00f3n, las que tienen como eje la inclusi\u00f3n y el desarrollo humano de los j\u00f3venes entrerrianos\u201d.<\/p>\n<p>\u201cNuestra meta es comprometernos cada vez m\u00e1s con las demandas sociales y este aporte significativo es valorado por las familias que hacen un gran esfuerzo por el futuro de sus hijos&#8221;, expres\u00f3 en ese marco Sebasti\u00e1n B\u00e9rtoli, y asegur\u00f3 que el apoyo &#8220;es para instar a los j\u00f3venes a continuar por el camino del estudio\u201d.<\/p>\n","protected":false},"excerpt":{"rendered":"<p>El gobernador Gustavo Bordet dispuso un incremento del 20 por ciento, en promedio, para todas las becas que se otorgan a trav\u00e9s del Instituto Becario. La medida incluye un aumento similar para el transporte rural. En total la inversi\u00f3n comprende unos 100 millones de pesos anuales &nbsp; &nbsp; &#8220;Fortalecer el acceso y la permanencia de nuestros j\u00f3venes en el sistema educativo representa una prioridad para nuestra gesti\u00f3n. Si en verdad queremos sentar las bases de un proyecto de desarrollo sostenido en el tiempo tenemos que poner en el centro de&#8230;<\/p>\n","protected":false},"author":3,"featured_media":58511,"comment_status":"closed","ping_status":"closed","sticky":false,"template":"","format":"standard","meta":[],"categories":[9],"tags":[],"_links":{"self":[{"href":"https:\/\/www.actualidadadiario.com\/index.php\/wp-json\/wp\/v2\/posts\/58510"}],"collection":[{"href":"https:\/\/www.actualidadadiario.com\/index.php\/wp-json\/wp\/v2\/posts"}],"about":[{"href":"https:\/\/www.actualidadadiario.com\/index.php\/wp-json\/wp\/v2\/types\/post"}],"author":[{"embeddable":true,"href":"https:\/\/www.actualidadadiario.com\/index.php\/wp-json\/wp\/v2\/users\/3"}],"replies":[{"embeddable":true,"href":"https:\/\/www.actualidadadiario.com\/index.php\/wp-json\/wp\/v2\/comments?post=58510"}],"version-history":[{"count":1,"href":"https:\/\/www.actualidadadiario.com\/index.php\/wp-json\/wp\/v2\/posts\/58510\/revisions"}],"predecessor-version":[{"id":58512,"href":"https:\/\/www.actualidadadiario.com\/index.php\/wp-json\/wp\/v2\/posts\/58510\/revisions\/58512"}],"wp:featuredmedia":[{"embeddable":true,"href":"https:\/\/www.actualidadadiario.com\/index.php\/wp-json\/wp\/v2\/media\/58511"}],"wp:attachment":[{"href":"https:\/\/www.actualidadadiario.com\/index.php\/wp-json\/wp\/v2\/media?parent=58510"}],"wp:term":[{"taxonomy":"category","embeddable":true,"href":"https:\/\/www.actualidadadiario.com\/index.php\/wp-json\/wp\/v2\/categories?post=58510"},{"taxonomy":"post_tag","embeddable":true,"href":"https:\/\/www.actualidadadiario.com\/index.php\/wp-json\/wp\/v2\/tags?post=58510"}],"curies":[{"name":"wp","href":"https:\/\/api.w.org\/{rel}","templated":true}]}}