{"id":58459,"date":"2020-03-03T10:44:38","date_gmt":"2020-03-03T13:44:38","guid":{"rendered":"https:\/\/www.actualidadadiario.com\/?p=58459"},"modified":"2020-03-03T10:44:38","modified_gmt":"2020-03-03T13:44:38","slug":"privados-estiman-que-la-desaceleracion-de-la-inflacion-continuo-en-febrero","status":"publish","type":"post","link":"https:\/\/www.actualidadadiario.com\/index.php\/2020\/03\/03\/privados-estiman-que-la-desaceleracion-de-la-inflacion-continuo-en-febrero\/","title":{"rendered":"Privados estiman que la desaceleraci\u00f3n de la inflaci\u00f3n continu\u00f3 en febrero"},"content":{"rendered":"<p style=\"text-align: center;\"><em><strong>La evoluci\u00f3n de los precios al consumidor durante febrero registr\u00f3 una suba de 1,9%, con particular incidencia del rubro educaci\u00f3n, seg\u00fan la consultora Orlando Ferreres y Asociados. De confirmarse, se ratificar\u00eda una continuidad en la desaceleraci\u00f3n inflacionaria<\/strong><\/em><\/p>\n<p>&nbsp;<\/p>\n<p>De acuerdo con el c\u00e1lculo que realiza la consultora en el \u00c1rea Metropolitana de Buenos Aires, la inflaci\u00f3n acumul\u00f3 un alza interanual de 52,7%, mientras que el componente n\u00facleo (que excluye los precios estacionales y los regulados) avanz\u00f3 2,5% mensual y 53,2% interanual.<\/p>\n<p>De acuerdo al IPC del Indec, la inflaci\u00f3n de enero fue 2,3%, luego de ubicarse en 3,7% en diciembre. Los principales factores detr\u00e1s de la desaceleraci\u00f3n fueron el congelamiento de las tarifas, la relativa estabilidad del d\u00f3lar y el acuerdo para bajar el precio de los medicamentos.<\/p>\n<p>Seg\u00fan Ferreres, el rubro Educaci\u00f3n lider\u00f3 las subas, en el marco de la vuelta a clases, al avanzar 3,7% mensual. Transporte y comunicaciones subi\u00f3 2,9% mensual, principalmente por el aumento en la bajada de bandera de los taxis porte\u00f1os. Mientras que Indumentaria trep\u00f3 2,5%.<\/p>\n<p>Por su parte, Equipamiento y funcionamiento del hogar tuvo un incremento del 2,2% y Alimentos y bebidas, del 2,1%, lo que implic\u00f3 un aporte de 0,7 puntos al nivel general debido a las subas significativas en verduras, carnes y cereales.<\/p>\n<p>Otras mediciones privadas registraron un alza m\u00e1s fuerte en los alimentos. En su relevamiento de supermercados, el CESO midi\u00f3 a lo largo de febrero un salto de 4,6% en alimentos frescos y 3,9% en alimentos secos. Esto dio como resultado, seg\u00fan centro de estudio que dirige Andr\u00e9s Asiain, una fuerte escalada del 5,7% en el costo de la canasta b\u00e1sica alimentaria, que marca la l\u00ednea de indigencia. Se trata de una suba similar a la que midi\u00f3 el Indec en enero.<\/p>\n<p>Adem\u00e1s, el \u00edndice de precios de supermercados del CESO marc\u00f3 3,1% el mes pasado. Las mayores alzas fueron en electrodom\u00e9sticos de Audio (30,2%). Dentro del rubro Alimentos sobresalieron las pastas secas (10,1%) y las conservas (10,1%).<\/p>\n","protected":false},"excerpt":{"rendered":"<p>La evoluci\u00f3n de los precios al consumidor durante febrero registr\u00f3 una suba de 1,9%, con particular incidencia del rubro educaci\u00f3n, seg\u00fan la consultora Orlando Ferreres y Asociados. De confirmarse, se ratificar\u00eda una continuidad en la desaceleraci\u00f3n inflacionaria &nbsp; De acuerdo con el c\u00e1lculo que realiza la consultora en el \u00c1rea Metropolitana de Buenos Aires, la inflaci\u00f3n acumul\u00f3 un alza interanual de 52,7%, mientras que el componente n\u00facleo (que excluye los precios estacionales y los regulados) avanz\u00f3 2,5% mensual y 53,2% interanual. De acuerdo al IPC del Indec, la inflaci\u00f3n de&#8230;<\/p>\n","protected":false},"author":3,"featured_media":30057,"comment_status":"closed","ping_status":"closed","sticky":false,"template":"","format":"standard","meta":[],"categories":[2],"tags":[],"_links":{"self":[{"href":"https:\/\/www.actualidadadiario.com\/index.php\/wp-json\/wp\/v2\/posts\/58459"}],"collection":[{"href":"https:\/\/www.actualidadadiario.com\/index.php\/wp-json\/wp\/v2\/posts"}],"about":[{"href":"https:\/\/www.actualidadadiario.com\/index.php\/wp-json\/wp\/v2\/types\/post"}],"author":[{"embeddable":true,"href":"https:\/\/www.actualidadadiario.com\/index.php\/wp-json\/wp\/v2\/users\/3"}],"replies":[{"embeddable":true,"href":"https:\/\/www.actualidadadiario.com\/index.php\/wp-json\/wp\/v2\/comments?post=58459"}],"version-history":[{"count":1,"href":"https:\/\/www.actualidadadiario.com\/index.php\/wp-json\/wp\/v2\/posts\/58459\/revisions"}],"predecessor-version":[{"id":58460,"href":"https:\/\/www.actualidadadiario.com\/index.php\/wp-json\/wp\/v2\/posts\/58459\/revisions\/58460"}],"wp:featuredmedia":[{"embeddable":true,"href":"https:\/\/www.actualidadadiario.com\/index.php\/wp-json\/wp\/v2\/media\/30057"}],"wp:attachment":[{"href":"https:\/\/www.actualidadadiario.com\/index.php\/wp-json\/wp\/v2\/media?parent=58459"}],"wp:term":[{"taxonomy":"category","embeddable":true,"href":"https:\/\/www.actualidadadiario.com\/index.php\/wp-json\/wp\/v2\/categories?post=58459"},{"taxonomy":"post_tag","embeddable":true,"href":"https:\/\/www.actualidadadiario.com\/index.php\/wp-json\/wp\/v2\/tags?post=58459"}],"curies":[{"name":"wp","href":"https:\/\/api.w.org\/{rel}","templated":true}]}}