{"id":58429,"date":"2020-03-02T10:55:57","date_gmt":"2020-03-02T13:55:57","guid":{"rendered":"https:\/\/www.actualidadadiario.com\/?p=58429"},"modified":"2020-03-02T10:55:57","modified_gmt":"2020-03-02T13:55:57","slug":"tabare-vazquez-hasta-la-victoria-siempre","status":"publish","type":"post","link":"https:\/\/www.actualidadadiario.com\/index.php\/2020\/03\/02\/tabare-vazquez-hasta-la-victoria-siempre\/","title":{"rendered":"Tabar\u00e9 V\u00e1zquez: &#8220;Hasta la victoria, siempre&#8221;"},"content":{"rendered":"<p style=\"text-align: center;\"><em><strong>La salida del poder del expresidente Tabar\u00e9 V\u00e1zquez puso fin a tres gobiernos consecutivos del Frente Amplio en Uruguay (2005-2020). El ciclo progresista estuvo marcado por la aprobaci\u00f3n de importantes leyes sociales como la regulaci\u00f3n del consumo de marihuana, el aborto y el matrimonio entre personas del mismo sexo. Pero tambi\u00e9n el bloque de izquierda le deja a Lacalle Pou un pa\u00eds caracterizado por el aumento de los salarios y jubilaciones, la ampliaci\u00f3n del acceso a la salud, una fuerte baja de la pobreza y per\u00edodos de crecimiento r\u00e9cord del PBI<\/strong><\/em><\/p>\n<p>&nbsp;<\/p>\n<p>&nbsp;<\/p>\n<p>&nbsp;<\/p>\n<p>&#8220;Hasta la victoria, siempre&#8221;, expres\u00f3 Tabar\u00e9 V\u00e1zquez, cuando sub\u00eda a un auto, a pocos metros de la Torre Ejecutiva y mientras el reci\u00e9n asumido presidente, Luis Lacalle Pou, firmaba la designaci\u00f3n de sus ministros. V\u00e1zquez les dijo eso a varios de los principales colaboradores de su administraci\u00f3n, entre quienes se encontraba el exministro de Econom\u00eda y Finanzas, Danilo Astori.<\/p>\n<p>Luego Tabar\u00e9 se dirigi\u00f3 a su casa en el Prado, donde lo esperaba un grupo de militantes del Frente Amplio. &#8220;Muchas gracias a todos. Hasta la victoria siempre&#8221;, repiti\u00f3 el exmandatario. Antes de ingresar a su casa, areng\u00f3 a los presentes: &#8220;En cinco a\u00f1os estamos festejando&#8221;.<\/p>\n<p>El viernes pasado, en un acto multitudinario en el barrio montevideano de La Teja, V\u00e1zquez ya hab\u00eda tenido un contacto directo con la militancia del Frente. &#8220;Les pido de coraz\u00f3n que no se rindan&#8221;, dijo el expresidente. En otro tramo de su discurso expres\u00f3: &#8220;El del Frente Amplio es un legado que tenemos que defender, tenemos que apoyar y estar convencidos de su importancia&#8221;.<\/p>\n<p>V\u00e1zquez, un onc\u00f3logo que hizo de la lucha contra el tabaquismo una de sus m\u00e1ximas banderas, fue diagnosticado el a\u00f1o pasado con c\u00e1ncer de pulm\u00f3n. Seg\u00fan los \u00faltimos reportes, respondi\u00f3 bien al tratamiento.<\/p>\n","protected":false},"excerpt":{"rendered":"<p>La salida del poder del expresidente Tabar\u00e9 V\u00e1zquez puso fin a tres gobiernos consecutivos del Frente Amplio en Uruguay (2005-2020). El ciclo progresista estuvo marcado por la aprobaci\u00f3n de importantes leyes sociales como la regulaci\u00f3n del consumo de marihuana, el aborto y el matrimonio entre personas del mismo sexo. Pero tambi\u00e9n el bloque de izquierda le deja a Lacalle Pou un pa\u00eds caracterizado por el aumento de los salarios y jubilaciones, la ampliaci\u00f3n del acceso a la salud, una fuerte baja de la pobreza y per\u00edodos de crecimiento r\u00e9cord del&#8230;<\/p>\n","protected":false},"author":3,"featured_media":58430,"comment_status":"closed","ping_status":"closed","sticky":false,"template":"","format":"standard","meta":[],"categories":[4],"tags":[],"_links":{"self":[{"href":"https:\/\/www.actualidadadiario.com\/index.php\/wp-json\/wp\/v2\/posts\/58429"}],"collection":[{"href":"https:\/\/www.actualidadadiario.com\/index.php\/wp-json\/wp\/v2\/posts"}],"about":[{"href":"https:\/\/www.actualidadadiario.com\/index.php\/wp-json\/wp\/v2\/types\/post"}],"author":[{"embeddable":true,"href":"https:\/\/www.actualidadadiario.com\/index.php\/wp-json\/wp\/v2\/users\/3"}],"replies":[{"embeddable":true,"href":"https:\/\/www.actualidadadiario.com\/index.php\/wp-json\/wp\/v2\/comments?post=58429"}],"version-history":[{"count":1,"href":"https:\/\/www.actualidadadiario.com\/index.php\/wp-json\/wp\/v2\/posts\/58429\/revisions"}],"predecessor-version":[{"id":58431,"href":"https:\/\/www.actualidadadiario.com\/index.php\/wp-json\/wp\/v2\/posts\/58429\/revisions\/58431"}],"wp:featuredmedia":[{"embeddable":true,"href":"https:\/\/www.actualidadadiario.com\/index.php\/wp-json\/wp\/v2\/media\/58430"}],"wp:attachment":[{"href":"https:\/\/www.actualidadadiario.com\/index.php\/wp-json\/wp\/v2\/media?parent=58429"}],"wp:term":[{"taxonomy":"category","embeddable":true,"href":"https:\/\/www.actualidadadiario.com\/index.php\/wp-json\/wp\/v2\/categories?post=58429"},{"taxonomy":"post_tag","embeddable":true,"href":"https:\/\/www.actualidadadiario.com\/index.php\/wp-json\/wp\/v2\/tags?post=58429"}],"curies":[{"name":"wp","href":"https:\/\/api.w.org\/{rel}","templated":true}]}}