{"id":58423,"date":"2020-03-02T10:54:28","date_gmt":"2020-03-02T13:54:28","guid":{"rendered":"https:\/\/www.actualidadadiario.com\/?p=58423"},"modified":"2020-03-02T10:54:28","modified_gmt":"2020-03-02T13:54:28","slug":"francisco-sigue-resfriado-y-suspendio-su-retiro-espiritual-de-una-semana","status":"publish","type":"post","link":"https:\/\/www.actualidadadiario.com\/index.php\/2020\/03\/02\/francisco-sigue-resfriado-y-suspendio-su-retiro-espiritual-de-una-semana\/","title":{"rendered":"Francisco sigue resfriado y suspendi\u00f3 su retiro espiritual de una semana"},"content":{"rendered":"<p style=\"text-align: center;\"><em><strong>El papa Francisco contin\u00faa con un &#8220;leve resfr\u00edo&#8221; que, luego de tres d\u00edas de cancelaciones parciales de su agenda, lo oblig\u00f3 a suspender su participaci\u00f3n en un retiro espiritual de una semana que deb\u00eda empezar hoy con la Curia romana<\/strong><\/em><\/p>\n<p>&nbsp;<\/p>\n<p>&#8220;Lamentablemente el resfr\u00edo me obliga a no participar este a\u00f1o. Seguir\u00e9 desde aqu\u00ed las meditaciones&#8221;, anunci\u00f3 Jorge Bergoglio al recitar el tradicional \u00c1ngelus dominical desde la Plaza San Pedro, en su primera aparici\u00f3n p\u00fablica desde el pasado mi\u00e9rcoles, ante un n\u00famero de fieles notablemente menor al habitual.<\/p>\n<p>Se trata de la primera vez desde 1950 que un Papa no concurre al encuentro anual instaurado por P\u00edo XI en la Enc\u00edclica &#8220;Mens nostra&#8221; de 1929.<\/p>\n<p>&#8220;Francisco participar\u00e1, pero a distancia&#8221;, detall\u00f3 el vocero papal Matte Bruni.<\/p>\n<p>El pont\u00edfice confirm\u00f3 as\u00ed que contin\u00faa con el resfr\u00edo que durante tres d\u00edas lo oblig\u00f3 a cancelar sus audiencias grupales, y en los que solo mantuvo los encuentros individuales agendados.<\/p>\n<p>En medio de la oraci\u00f3n del \u00c1ngelus, el Papa debi\u00f3 incluso frenar para toser en dos oportunidades.<\/p>\n<p>La gripe de Francisco fue informada por primera vez el pasado jueves, cuando Bruni inform\u00f3 que el Papa cancel\u00f3 un encuentro previsto con el clero de Roma fuera del Vaticano.<\/p>\n<p>Desde entonces, Francisco prefiri\u00f3 quedarse dentro del Vaticano y mantener solo las audiencias en su residencia de Casa Santa Marta, adem\u00e1s de las misas matutinas.<\/p>\n<p>Ayer a la tarde, a las 16 de Roma (12 de Argentina), el pont\u00edfice y unos 50 colaboradores de la curia romana deb\u00edan partir hacia la Casa Divin Maestro de la localidad de Ariccia, a unos 30 kil\u00f3metros de Roma, para su semana de ejercicios espirituales.<\/p>\n<p>El padre jesuita Pietro Bovati, secretario de la Pontificia Comisi\u00f3n B\u00edblica, guiar\u00e1 las meditaciones para el resto de la Curia, seg\u00fan inform\u00f3 el Vaticano.<\/p>\n","protected":false},"excerpt":{"rendered":"<p>El papa Francisco contin\u00faa con un &#8220;leve resfr\u00edo&#8221; que, luego de tres d\u00edas de cancelaciones parciales de su agenda, lo oblig\u00f3 a suspender su participaci\u00f3n en un retiro espiritual de una semana que deb\u00eda empezar hoy con la Curia romana &nbsp; &#8220;Lamentablemente el resfr\u00edo me obliga a no participar este a\u00f1o. Seguir\u00e9 desde aqu\u00ed las meditaciones&#8221;, anunci\u00f3 Jorge Bergoglio al recitar el tradicional \u00c1ngelus dominical desde la Plaza San Pedro, en su primera aparici\u00f3n p\u00fablica desde el pasado mi\u00e9rcoles, ante un n\u00famero de fieles notablemente menor al habitual. Se trata&#8230;<\/p>\n","protected":false},"author":3,"featured_media":58424,"comment_status":"closed","ping_status":"closed","sticky":false,"template":"","format":"standard","meta":[],"categories":[4],"tags":[],"_links":{"self":[{"href":"https:\/\/www.actualidadadiario.com\/index.php\/wp-json\/wp\/v2\/posts\/58423"}],"collection":[{"href":"https:\/\/www.actualidadadiario.com\/index.php\/wp-json\/wp\/v2\/posts"}],"about":[{"href":"https:\/\/www.actualidadadiario.com\/index.php\/wp-json\/wp\/v2\/types\/post"}],"author":[{"embeddable":true,"href":"https:\/\/www.actualidadadiario.com\/index.php\/wp-json\/wp\/v2\/users\/3"}],"replies":[{"embeddable":true,"href":"https:\/\/www.actualidadadiario.com\/index.php\/wp-json\/wp\/v2\/comments?post=58423"}],"version-history":[{"count":1,"href":"https:\/\/www.actualidadadiario.com\/index.php\/wp-json\/wp\/v2\/posts\/58423\/revisions"}],"predecessor-version":[{"id":58425,"href":"https:\/\/www.actualidadadiario.com\/index.php\/wp-json\/wp\/v2\/posts\/58423\/revisions\/58425"}],"wp:featuredmedia":[{"embeddable":true,"href":"https:\/\/www.actualidadadiario.com\/index.php\/wp-json\/wp\/v2\/media\/58424"}],"wp:attachment":[{"href":"https:\/\/www.actualidadadiario.com\/index.php\/wp-json\/wp\/v2\/media?parent=58423"}],"wp:term":[{"taxonomy":"category","embeddable":true,"href":"https:\/\/www.actualidadadiario.com\/index.php\/wp-json\/wp\/v2\/categories?post=58423"},{"taxonomy":"post_tag","embeddable":true,"href":"https:\/\/www.actualidadadiario.com\/index.php\/wp-json\/wp\/v2\/tags?post=58423"}],"curies":[{"name":"wp","href":"https:\/\/api.w.org\/{rel}","templated":true}]}}