{"id":58414,"date":"2020-03-02T10:52:02","date_gmt":"2020-03-02T13:52:02","guid":{"rendered":"https:\/\/www.actualidadadiario.com\/?p=58414"},"modified":"2020-03-02T10:52:02","modified_gmt":"2020-03-02T13:52:02","slug":"unidad-y-lista-unica-las-metas-de-la-reorganizacion-del-pj","status":"publish","type":"post","link":"https:\/\/www.actualidadadiario.com\/index.php\/2020\/03\/02\/unidad-y-lista-unica-las-metas-de-la-reorganizacion-del-pj\/","title":{"rendered":"Unidad y lista \u00fanica, las metas de la reorganizaci\u00f3n del PJ"},"content":{"rendered":"<p style=\"text-align: center;\"><em><strong>La idea que une a los sectores del peronismo es que &#8220;no haya una contienda&#8221; electoral para decidir la nueva conducci\u00f3n. El encuentro ser\u00e1 el pr\u00f3ximo jueves<\/strong><\/em><\/p>\n<p>&nbsp;<\/p>\n<p>&nbsp;<\/p>\n<p>El Partido Justicialista (PJ) nacional realizar\u00e1 el pr\u00f3ximo jueves un congreso partidario para continuar con el proceso de renovaci\u00f3n de autoridades, que estar\u00e1 signado por el pedido de todos los sectores del peronismo para que haya una lista \u00fanica y se logre la unidad a pesar de que todav\u00eda no hay definiciones sobre quien ser\u00e1 el pr\u00f3ximo presidente del partido a partir de mayo.<\/p>\n<p>El encuentro ser\u00e1 a partir de las 10 en el microestadio de Ferro, seg\u00fan informaron a T\u00e9lam fuentes partidarias.<\/p>\n<p>Sin ser una de las prioridades a resolver por el oficialismo, los encargados de armar la ingenier\u00eda partidaria buscan evitar un nuevo dolor de cabeza para la Casa de Rosada por lo que &#8220;la lista de unidad ser\u00eda un hecho&#8221; y la soluci\u00f3n que sali\u00f3 desde el propio gobierno fue conformar una dupla que conduzca el PJ de forma alternativa entre ambos dirigentes que expresaron su deseo de presidir el partido: Jos\u00e9 Luis Gioja y Jorge Capitanich.<\/p>\n<p>&nbsp;<\/p>\n<p><strong>Una lista de unidad<\/strong><\/p>\n<p>Jos\u00e9 Luis Gioja, actual presidente del partido, cuenta con el respaldo de gran parte de los gobernadores, legisladores e intendentes bonaerenses para que contin\u00fae al frente del PJ debido a su labor durante los cuatro a\u00f1os del macrismo y su rol en lograr la unidad del peronismo con la incorporaci\u00f3n de varios dirigentes que estaban alejados del partido, entre ellos, el propio Fern\u00e1ndez.<\/p>\n<p>A la bandera de la unidad que enarbola Gioja, lo que fue reconocido hasta por el Presidente durante su visita a la sede partidaria de Matheu 130 el a\u00f1o pasado, se le opone la visi\u00f3n de renovaci\u00f3n del PJ en tiempos de oficialismo que lidera el gobernador de Chaco, Jorge Capitanich.<\/p>\n<p>A pesar de que ambos se mantienen firmes en su deseo de conducir los destinos del principal partido pol\u00edtico de la alianza del Frente de Todos, tanto Gioja como Capitanich han expresado sus intenciones de &#8220;no generar roces ni enfrentamientos entre compa\u00f1eros&#8221;, por lo que la idea de la Rosada de que la pr\u00f3xima presidencia sea una dupla entre el sanjuanino y el chaque\u00f1o cobra mayor relevancia.<\/p>\n<p>Gioja-Capitanich y luego Capitanich-Gioja al frente del PJ ser\u00eda la soluci\u00f3n salom\u00f3nica para &#8220;mantener la paz y no gastar energ\u00edas necesarias para la gesti\u00f3n&#8221;, pero antes de que se defina esta posibilidad deben sortear un problema jur\u00eddico, explicaron las fuentes.<\/p>\n<p>&nbsp;<\/p>\n<p><strong>Los puntos a resolver<\/strong><\/p>\n<p>En el \u00faltimo congreso partidario realizado en febrero del a\u00f1o pasado tambi\u00e9n en Ferro, el PJ cambi\u00f3 su carta org\u00e1nica y la lista de los 75 congresales debe ser conformada con paridad de g\u00e9nero; es decir integrada por un hombre y una mujer y as\u00ed sucesivamente.<\/p>\n<p>Este punto legal ser\u00eda un obst\u00e1culo para la soluci\u00f3n a la interna entre Gioja y Capitanich, porque como segunda o primera deber\u00eda ir una mujer.<\/p>\n<p>Otra cuesti\u00f3n es el pedido de un grupo de intendentes bonaerenses que impulsan como candidato a presidente propio al jefe comunal de Malvinas Argentinas y el actual vicepresidente 5to del PJ, Leonardo Nardini.<\/p>\n<p>Otro que se anot\u00f3 en la lista de los presidenciables es el gobernador de San Luis, Alberto Rodr\u00edguez S\u00e1a, quien no contar\u00eda con el respaldo de otros dirigentes.<\/p>\n<p>Los distintos referentes de los espacios justicialistas solo dan entidad a la puja entre Gioja y Capitanich y descartan las posibilidades de Nardini y Rodr\u00edguez Sa\u00e1.<\/p>\n<p>En ese marco de falta de definici\u00f3n de nombres pero con la unidad como un hecho concreto, el PJ realizar\u00e1 su congreso para avanzar en la conformaci\u00f3n de la junta electoral y establecer los plazos legales para las elecciones del pr\u00f3ximo 3 de mayo.<\/p>\n","protected":false},"excerpt":{"rendered":"<p>La idea que une a los sectores del peronismo es que &#8220;no haya una contienda&#8221; electoral para decidir la nueva conducci\u00f3n. El encuentro ser\u00e1 el pr\u00f3ximo jueves &nbsp; &nbsp; El Partido Justicialista (PJ) nacional realizar\u00e1 el pr\u00f3ximo jueves un congreso partidario para continuar con el proceso de renovaci\u00f3n de autoridades, que estar\u00e1 signado por el pedido de todos los sectores del peronismo para que haya una lista \u00fanica y se logre la unidad a pesar de que todav\u00eda no hay definiciones sobre quien ser\u00e1 el pr\u00f3ximo presidente del partido a&#8230;<\/p>\n","protected":false},"author":3,"featured_media":58415,"comment_status":"closed","ping_status":"closed","sticky":false,"template":"","format":"standard","meta":[],"categories":[18],"tags":[],"_links":{"self":[{"href":"https:\/\/www.actualidadadiario.com\/index.php\/wp-json\/wp\/v2\/posts\/58414"}],"collection":[{"href":"https:\/\/www.actualidadadiario.com\/index.php\/wp-json\/wp\/v2\/posts"}],"about":[{"href":"https:\/\/www.actualidadadiario.com\/index.php\/wp-json\/wp\/v2\/types\/post"}],"author":[{"embeddable":true,"href":"https:\/\/www.actualidadadiario.com\/index.php\/wp-json\/wp\/v2\/users\/3"}],"replies":[{"embeddable":true,"href":"https:\/\/www.actualidadadiario.com\/index.php\/wp-json\/wp\/v2\/comments?post=58414"}],"version-history":[{"count":1,"href":"https:\/\/www.actualidadadiario.com\/index.php\/wp-json\/wp\/v2\/posts\/58414\/revisions"}],"predecessor-version":[{"id":58416,"href":"https:\/\/www.actualidadadiario.com\/index.php\/wp-json\/wp\/v2\/posts\/58414\/revisions\/58416"}],"wp:featuredmedia":[{"embeddable":true,"href":"https:\/\/www.actualidadadiario.com\/index.php\/wp-json\/wp\/v2\/media\/58415"}],"wp:attachment":[{"href":"https:\/\/www.actualidadadiario.com\/index.php\/wp-json\/wp\/v2\/media?parent=58414"}],"wp:term":[{"taxonomy":"category","embeddable":true,"href":"https:\/\/www.actualidadadiario.com\/index.php\/wp-json\/wp\/v2\/categories?post=58414"},{"taxonomy":"post_tag","embeddable":true,"href":"https:\/\/www.actualidadadiario.com\/index.php\/wp-json\/wp\/v2\/tags?post=58414"}],"curies":[{"name":"wp","href":"https:\/\/api.w.org\/{rel}","templated":true}]}}