{"id":58412,"date":"2020-03-02T10:51:19","date_gmt":"2020-03-02T13:51:19","guid":{"rendered":"https:\/\/www.actualidadadiario.com\/?p=58412"},"modified":"2020-03-02T10:51:19","modified_gmt":"2020-03-02T13:51:19","slug":"preocupa-a-macri-el-alcance-de-la-causa-correo-sobre-el-y-su-familia","status":"publish","type":"post","link":"https:\/\/www.actualidadadiario.com\/index.php\/2020\/03\/02\/preocupa-a-macri-el-alcance-de-la-causa-correo-sobre-el-y-su-familia\/","title":{"rendered":"Preocupa a Macri el alcance de la causa Correo sobre \u00e9l y su familia"},"content":{"rendered":"<p style=\"text-align: center;\"><em><strong>Sus tres hijos mayores forman parte de un fideicomiso del holding creado por Franco, vinculado al expediente judicial<\/strong><\/em><\/p>\n<p>&nbsp;<\/p>\n<p>&nbsp;<\/p>\n<p>Ni bien sali\u00f3 del poder, el expresidente Mauricio Macri mantuvo m\u00faltiples conversaciones y chats con su sucesor, Alberto Fern\u00e1ndez. Los asuntos econ\u00f3micos fueron uno de los temas. Pero hubo una cuesti\u00f3n en particular que el ex mandatario ten\u00eda en mente: la causa por el Correo Argentino, donde la Justicia investiga si hubo da\u00f1o patrimonial contra el Estado por parte de las empresas Socma y Sideco, que cre\u00f3 Franco Macri, en su negociaci\u00f3n con el gobierno nacional por una deuda de 2001.<\/p>\n<p>Ya durante la gesti\u00f3n hab\u00eda sido una de sus obsesiones. En el entorno \u00edntimo del ex jefe de Estado aseguran que \u201cno es accionista\u201d y que, en rigor, le preocupa su familia: su hermano Gianfranco, de quien estuvo distanciado en los \u00faltimos a\u00f1os, y los accionistas de Socma y Sideco, quienes est\u00e1n involucrados de manera directa.<\/p>\n<p>Pero no solo eso: los tres hijos mayores del l\u00edder del PRO tambi\u00e9n, bajo la figura de un fideicomiso del holding que construy\u00f3 Franco, podr\u00edan aparecer involucrados por la herencia familiar. Ese es su mayor temor. Es decir, por una figura fiduciaria, los hijos del ex presidente son beneficiarios de Socma y Sideco, por caso, si hubiera utilidades.<\/p>\n<p>Pero Correo est\u00e1 en concurso de acreedores: no se aprob\u00f3 la propuesta de la compa\u00f1\u00eda y ahora se abri\u00f3 un per\u00edodo para que un particular pueda hacer una oferta y comprar acciones y as\u00ed evitar que vaya a la quiebra. Esa nueva propuesta \u2013de darse\u2013 deber\u00eda ser aprobada por los accionistas y los acreedores. Si no hay acuerdo, la empresa va a la quiebra, se liquidan sus activos y se designa un s\u00edndico para cobrarlos, por caso, la deuda con el Estado (cuyo presunto fraude se est\u00e1 investigando).<\/p>\n<p>\u201cMauricio no es accionista, es una dependencia psicol\u00f3gica con el tema, ten\u00eda poco v\u00ednculo con su familia y esto del Correo lo subi\u00f3 al ring de nuevo\u201d, explic\u00f3 uno de sus allegados.<\/p>\n<p>El ex jefe de Estado consult\u00f3 a un par de abogados sobre el tema. En concreto, dicen en su entorno, no tiene un letrado penalista \u2013Alejandro P\u00e9rez Chada es quien lo asesora en todas las causas que tramitan en Comodoro Py\u2013 por este tema. \u201cMauricio siente la presi\u00f3n familiar, hay directores y gerentes de Socma que pueden tener problemas\u201d, aseguran.<\/p>\n<p>De todas maneras, la intervenci\u00f3n, como procurador del Tesoro \u2013jefe de los abogados del Ejecutivo\u2013 de Carlos Zannini lo preocupa. Si bien es la Justicia la que debe determinar los pasos a seguir, teme que se complique a\u00fan m\u00e1s.<\/p>\n<p>En ese marco, entre los ex funcionarios macristas surgi\u00f3 una especulaci\u00f3n: Macri podr\u00eda ser candidato a diputado nacional en 2021 en busca de fueros si el tema se complica y lo roza. Diputado nacional por la Capital Federal.<\/p>\n<p>De todas formas, eso no est\u00e1 en su mente hoy. Quienes lo visitaron la semana pasada lo vieron \u201cenergizado\u201d. Hab\u00eda comenzado a preparar la charla que dar\u00e1 el mi\u00e9rcoles 4 de marzo en la Fundaci\u00f3n Libertad y Desarrollo, en Guatemala, donde compartir\u00e1 cuatro horas con l\u00edderes del mundo. Entre ellos los ex presidentes Jos\u00e9 Mar\u00eda Aznar (Espa\u00f1a), con quien mantiene un asiduo v\u00ednculo desde que era jefe de Gobierno porte\u00f1o; el mexicano Felipe Calder\u00f3n y Luis Lacalle, el padre del presidente electo de Uruguay. Tambi\u00e9n ex mandatarios de Ecuador, Guatemala, Costa Rica, Honduras y Bolivia.<\/p>\n","protected":false},"excerpt":{"rendered":"<p>Sus tres hijos mayores forman parte de un fideicomiso del holding creado por Franco, vinculado al expediente judicial &nbsp; &nbsp; Ni bien sali\u00f3 del poder, el expresidente Mauricio Macri mantuvo m\u00faltiples conversaciones y chats con su sucesor, Alberto Fern\u00e1ndez. Los asuntos econ\u00f3micos fueron uno de los temas. Pero hubo una cuesti\u00f3n en particular que el ex mandatario ten\u00eda en mente: la causa por el Correo Argentino, donde la Justicia investiga si hubo da\u00f1o patrimonial contra el Estado por parte de las empresas Socma y Sideco, que cre\u00f3 Franco Macri, en&#8230;<\/p>\n","protected":false},"author":3,"featured_media":34171,"comment_status":"closed","ping_status":"closed","sticky":false,"template":"","format":"standard","meta":[],"categories":[18],"tags":[],"_links":{"self":[{"href":"https:\/\/www.actualidadadiario.com\/index.php\/wp-json\/wp\/v2\/posts\/58412"}],"collection":[{"href":"https:\/\/www.actualidadadiario.com\/index.php\/wp-json\/wp\/v2\/posts"}],"about":[{"href":"https:\/\/www.actualidadadiario.com\/index.php\/wp-json\/wp\/v2\/types\/post"}],"author":[{"embeddable":true,"href":"https:\/\/www.actualidadadiario.com\/index.php\/wp-json\/wp\/v2\/users\/3"}],"replies":[{"embeddable":true,"href":"https:\/\/www.actualidadadiario.com\/index.php\/wp-json\/wp\/v2\/comments?post=58412"}],"version-history":[{"count":1,"href":"https:\/\/www.actualidadadiario.com\/index.php\/wp-json\/wp\/v2\/posts\/58412\/revisions"}],"predecessor-version":[{"id":58413,"href":"https:\/\/www.actualidadadiario.com\/index.php\/wp-json\/wp\/v2\/posts\/58412\/revisions\/58413"}],"wp:featuredmedia":[{"embeddable":true,"href":"https:\/\/www.actualidadadiario.com\/index.php\/wp-json\/wp\/v2\/media\/34171"}],"wp:attachment":[{"href":"https:\/\/www.actualidadadiario.com\/index.php\/wp-json\/wp\/v2\/media?parent=58412"}],"wp:term":[{"taxonomy":"category","embeddable":true,"href":"https:\/\/www.actualidadadiario.com\/index.php\/wp-json\/wp\/v2\/categories?post=58412"},{"taxonomy":"post_tag","embeddable":true,"href":"https:\/\/www.actualidadadiario.com\/index.php\/wp-json\/wp\/v2\/tags?post=58412"}],"curies":[{"name":"wp","href":"https:\/\/api.w.org\/{rel}","templated":true}]}}