{"id":58409,"date":"2020-03-02T10:50:38","date_gmt":"2020-03-02T13:50:38","guid":{"rendered":"https:\/\/www.actualidadadiario.com\/?p=58409"},"modified":"2020-03-02T10:50:38","modified_gmt":"2020-03-02T13:50:38","slug":"de-que-se-trata-el-plan-de-los-1000-dias-anunciado-por-el-presidente","status":"publish","type":"post","link":"https:\/\/www.actualidadadiario.com\/index.php\/2020\/03\/02\/de-que-se-trata-el-plan-de-los-1000-dias-anunciado-por-el-presidente\/","title":{"rendered":"De qu\u00e9 se trata el Plan de los 1000 d\u00edas anunciado por el presidente"},"content":{"rendered":"<p style=\"text-align: center;\"><em><strong>Nutrici\u00f3n, salud y fortalecimiento de las familias, los ejes del nuevo programa del gobierno. Lo explic\u00f3 el ministro Daniel Arroyo<\/strong><\/em><\/p>\n<p>&nbsp;<\/p>\n<p>&nbsp;<\/p>\n<p>El ministro de Desarrollo Social de la Naci\u00f3n, Daniel Arroyo, explic\u00f3 que el \u201cPlan de los 1000 D\u00edas\u201d es \u201cun plan integral&#8221; con tres ejes centrales: &#8220;Nutrici\u00f3n, salud y fortalecimiento de la capacidades de las familias\u201d, en relaci\u00f3n con el proyecto de ley que el presidente Alberto Fern\u00e1ndez anunci\u00f3 ayer que se enviar\u00e1 al Congreso en los pr\u00f3ximos d\u00edas.<\/p>\n<p>\u201cEs un plan integral que tiene tres componentes centrales: nutrici\u00f3n, salud y fortalecimiento de la capacidades de las familias. Se llevar\u00e1 adelante mediante un trabajo interministerial que se realizar\u00e1 en modo coordinado\u201d, afirm\u00f3 el ministro apenas finalizado el discurso.<\/p>\n<p>Luego indic\u00f3 que \u201ces en esos primeros d\u00edas en que los ni\u00f1os y ni\u00f1as atraviesan un momento fundamental para sus vidas. All\u00ed, de alguna manera, se define buena parte de las fortalezas y debilidades que los y las acompa\u00f1ar\u00e1n en su crecimiento y desarrollo\u201d.<\/p>\n<p>Durante su discurso, Fern\u00e1ndez indic\u00f3 que si bien en Argentina \u201cexisten ya numerosas pol\u00edticas p\u00fablicas para entender estas necesidades, ahora necesitamos una coordinaci\u00f3n m\u00e1s efectiva de ellas para optimizar sus beneficios\u201d.<\/p>\n<p>Y adelant\u00f3 que \u201cjunto a la ley que buscar\u00e1 legalizar el aborto, enviaremos al Congreso Nacional un proyecto de ley que instaure el Plan de los 1000 d\u00edas, para garantizar la atenci\u00f3n y el cuidado integral de la vida y de la salud de la mujer embarazada y de sus hijos o hijas en los primeros a\u00f1os de vida\u201d.<\/p>\n<p>\u201cPor esa v\u00eda queremos reducir significativamente las tasas de mortalidad y desnutrici\u00f3n, proteger los v\u00ednculos tempranos, el neurodesarrollo y la salud de madres e hijos de manera integral\u201d, concluy\u00f3.<\/p>\n","protected":false},"excerpt":{"rendered":"<p>Nutrici\u00f3n, salud y fortalecimiento de las familias, los ejes del nuevo programa del gobierno. Lo explic\u00f3 el ministro Daniel Arroyo &nbsp; &nbsp; El ministro de Desarrollo Social de la Naci\u00f3n, Daniel Arroyo, explic\u00f3 que el \u201cPlan de los 1000 D\u00edas\u201d es \u201cun plan integral&#8221; con tres ejes centrales: &#8220;Nutrici\u00f3n, salud y fortalecimiento de la capacidades de las familias\u201d, en relaci\u00f3n con el proyecto de ley que el presidente Alberto Fern\u00e1ndez anunci\u00f3 ayer que se enviar\u00e1 al Congreso en los pr\u00f3ximos d\u00edas. \u201cEs un plan integral que tiene tres componentes centrales:&#8230;<\/p>\n","protected":false},"author":3,"featured_media":58410,"comment_status":"closed","ping_status":"closed","sticky":false,"template":"","format":"standard","meta":[],"categories":[18],"tags":[],"_links":{"self":[{"href":"https:\/\/www.actualidadadiario.com\/index.php\/wp-json\/wp\/v2\/posts\/58409"}],"collection":[{"href":"https:\/\/www.actualidadadiario.com\/index.php\/wp-json\/wp\/v2\/posts"}],"about":[{"href":"https:\/\/www.actualidadadiario.com\/index.php\/wp-json\/wp\/v2\/types\/post"}],"author":[{"embeddable":true,"href":"https:\/\/www.actualidadadiario.com\/index.php\/wp-json\/wp\/v2\/users\/3"}],"replies":[{"embeddable":true,"href":"https:\/\/www.actualidadadiario.com\/index.php\/wp-json\/wp\/v2\/comments?post=58409"}],"version-history":[{"count":1,"href":"https:\/\/www.actualidadadiario.com\/index.php\/wp-json\/wp\/v2\/posts\/58409\/revisions"}],"predecessor-version":[{"id":58411,"href":"https:\/\/www.actualidadadiario.com\/index.php\/wp-json\/wp\/v2\/posts\/58409\/revisions\/58411"}],"wp:featuredmedia":[{"embeddable":true,"href":"https:\/\/www.actualidadadiario.com\/index.php\/wp-json\/wp\/v2\/media\/58410"}],"wp:attachment":[{"href":"https:\/\/www.actualidadadiario.com\/index.php\/wp-json\/wp\/v2\/media?parent=58409"}],"wp:term":[{"taxonomy":"category","embeddable":true,"href":"https:\/\/www.actualidadadiario.com\/index.php\/wp-json\/wp\/v2\/categories?post=58409"},{"taxonomy":"post_tag","embeddable":true,"href":"https:\/\/www.actualidadadiario.com\/index.php\/wp-json\/wp\/v2\/tags?post=58409"}],"curies":[{"name":"wp","href":"https:\/\/api.w.org\/{rel}","templated":true}]}}