{"id":58403,"date":"2020-03-02T10:49:06","date_gmt":"2020-03-02T13:49:06","guid":{"rendered":"https:\/\/www.actualidadadiario.com\/?p=58403"},"modified":"2020-03-02T10:49:06","modified_gmt":"2020-03-02T13:49:06","slug":"lo-que-el-discurso-de-alberto-fernandez-nos-dejo","status":"publish","type":"post","link":"https:\/\/www.actualidadadiario.com\/index.php\/2020\/03\/02\/lo-que-el-discurso-de-alberto-fernandez-nos-dejo\/","title":{"rendered":"Lo que el discurso de Alberto Fern\u00e1ndez nos dej\u00f3"},"content":{"rendered":"<p style=\"text-align: center;\"><em><strong>Desde el Gobierno destacaron los anuncios y la convicci\u00f3n del mensaje. Los opositores reclamaron por la ausencia de precisiones econ\u00f3micas<\/strong><\/em><\/p>\n<p>&nbsp;<\/p>\n<p>&nbsp;<\/p>\n<p>Todo previsible y sin sorpresas. Al t\u00e9rmino del discurso presidencial ante la Asamblea Legislativa, oficialistas y opositores ocuparon el Sal\u00f3n de los Pasos Perdidos para ratificar posiciones ya conocidas. Los referentes del Frente de Todos destacaron los anuncios en b\u00fasqueda de la ampliaci\u00f3n de derechos. Los representantes de Juntos por el Cambio cuestionaron la ausencia de precisiones sobre el rumbo econ\u00f3mico.<\/p>\n<p>La diputada y secretaria Parlamentaria del Frente de Todos, Cristina \u00c1lvarez Rodr\u00edguez, destac\u00f3 que el Presidente pudo desarrollar \u201cun discurso firme, pero de consenso teniendo en cuenta la prudencia que amerita la situaci\u00f3n de crisis en la que se encuentra el pa\u00eds\u201d.<\/p>\n<p>La representante por la provincia de Buenos Aires tambi\u00e9n destac\u00f3 que \u201cdespu\u00e9s de cuatro a\u00f1os se volvieron a escuchar en el recinto las palabras trabajo y producci\u00f3n. En cuatro a\u00f1os Macri no mencion\u00f3 ninguna de las dos&#8221;.<\/p>\n<p>Con respecto al anuncio del env\u00edo del proyecto sobre la interrupci\u00f3n voluntaria del embarazo, \u00c1lvarez Rodr\u00edguez, que luci\u00f3 durante todo el mediod\u00eda orgullosa su saco verde, detall\u00f3: \u201cEn principio, en diputados con el ingreso de los nuevos estar\u00edamos en condiciones de conseguir el n\u00famero. Hay muchos que est\u00e1n indecisos y no se manifestaron. Nosotros trabajamos para que todos los legisladores dejen de lado las convicciones personales y entiendan que se legisla para la sociedad\u201d.<\/p>\n<p>En tanto la titular de AySA, Malena Galmarini, se\u00f1al\u00f3: \u201cTengo admiraci\u00f3n por Alberto Fern\u00e1ndez no s\u00f3lo por el apoyo expl\u00edcito al proyecto de la Interrupci\u00f3n voluntaria del embarazo sino porque es la primeara vez que el Poder Ejecutivo enviar\u00e1 un proyecto en ese sentido\u201d.<\/p>\n<p>M\u00e1s all\u00e1 de la agenda parlamentaria anunciada por Fern\u00e1ndez y en referencia al contenido de todo el mensaje, Galmarini afirm\u00f3: \u201cMe voy cada vez m\u00e1s contenta de formar parte de este gobierno y del Frente de todos\u201d.<\/p>\n<p>Por su parte, V\u00edctor Santa Mar\u00eda, diputado del Parlasur y secretario general del Sindicato \u00danico de Edificiosy Renta Horizontal (Suterh), form\u00f3 parte de la movilizaci\u00f3n que acompa\u00f1\u00f3 a Fern\u00e1ndez. Respald\u00f3 su discurso y sostuvo que &#8220;hay que crear r\u00e1pidamente la Comisi\u00f3n Nacional de la Deudad Externa (CONADEX) para que se investigue qu\u00e9 se hizo con los fondos de la deuda externa y qui\u00e9nes fueron los responsables pol\u00edticos y econ\u00f3micos&#8221;.<\/p>\n<p>Desde la oposici\u00f3n, el exgobernador de Mendoza y actual diputado nacional, Alfredo Cornejo, se mostr\u00f3 esc\u00e9ptico respecto de lo planteado por el Presidente: \u201cParece conciliador, pero despu\u00e9s manda proyecto de ley que sobre el que no hay dialogo. Adem\u00e1s se le escapa todo el tiempo que todas las calamidades que suceden en Argentino son producto de los \u00faltimos cuatro a\u00f1os\u201d.<\/p>\n<p>\u201cCreo que no hay que evaluar el discurso solo por la palabra, sino que hay que hacerlo por los hechos. Hay que valorarlo por los proyectos y por su redacci\u00f3n. Por ejemplo, respecto de la reforma judicial hay que ver qu\u00e9 podemos decir ah\u00ed. Los discursos de los inicios de sesiones est\u00e1n llenos de buenas intenciones&#8221;, sostuvo Cornejo.<\/p>\n<p>En tanto, el presidente del Interbloque radical, Mario Negri, apel\u00f3 al habitual recurso de la oposici\u00f3n y prefiri\u00f3 poner el ojo sobre lo que, a su criterio, le falt\u00f3 al discurso. \u201cMe hubiera gustado escuchar que nos dijera cu\u00e1ndo va a mandar el Presupuesto, porque no tener esa herramienta no es bueno para el gobierno, retrasa al pa\u00eds. Me parece bien que se recupere el valor de la palabra, pero deber\u00edan buscar los v\u00eddeos que tienen guardados en un placard en los que hablaban muy mal unos de otros\u201d, dijo.<\/p>\n<p>Con el traje de opositor duro, Negri, tambi\u00e9n ironiz\u00f3 sobre la reforma de la justicia: \u201cMe parece bien lo de los jueces amigos &#8211;eso yo lo aplaud\u00ed&#8211; porque desde el 83 la mayor\u00eda en el Senado la han tenido ellos, y han nombrado a los jueces, pero nunca hizo referencia a que los jueces deben investigar los hechos de corrupci\u00f3n, sin importar el color pol\u00edtico\u201d.<\/p>\n<p>Elisa &#8220;Lilita&#8221; Carri\u00f3 no apareci\u00f3 por el recinto: se hac\u00eda efectiva su renuncia como diputada despu\u00e9s de 25 a\u00f1os en el cargo. La l\u00edder de la Coalici\u00f3n C\u00edvica eligi\u00f3 despedirse por twitter. &#8220;Mil disculpas a los que me odian, era mi deber hacer lo que hice&#8221;, poste\u00f3 sobre su decisi\u00f3n.<\/p>\n","protected":false},"excerpt":{"rendered":"<p>Desde el Gobierno destacaron los anuncios y la convicci\u00f3n del mensaje. Los opositores reclamaron por la ausencia de precisiones econ\u00f3micas &nbsp; &nbsp; Todo previsible y sin sorpresas. Al t\u00e9rmino del discurso presidencial ante la Asamblea Legislativa, oficialistas y opositores ocuparon el Sal\u00f3n de los Pasos Perdidos para ratificar posiciones ya conocidas. Los referentes del Frente de Todos destacaron los anuncios en b\u00fasqueda de la ampliaci\u00f3n de derechos. Los representantes de Juntos por el Cambio cuestionaron la ausencia de precisiones sobre el rumbo econ\u00f3mico. La diputada y secretaria Parlamentaria del Frente&#8230;<\/p>\n","protected":false},"author":3,"featured_media":58404,"comment_status":"closed","ping_status":"closed","sticky":false,"template":"","format":"standard","meta":[],"categories":[18],"tags":[],"_links":{"self":[{"href":"https:\/\/www.actualidadadiario.com\/index.php\/wp-json\/wp\/v2\/posts\/58403"}],"collection":[{"href":"https:\/\/www.actualidadadiario.com\/index.php\/wp-json\/wp\/v2\/posts"}],"about":[{"href":"https:\/\/www.actualidadadiario.com\/index.php\/wp-json\/wp\/v2\/types\/post"}],"author":[{"embeddable":true,"href":"https:\/\/www.actualidadadiario.com\/index.php\/wp-json\/wp\/v2\/users\/3"}],"replies":[{"embeddable":true,"href":"https:\/\/www.actualidadadiario.com\/index.php\/wp-json\/wp\/v2\/comments?post=58403"}],"version-history":[{"count":1,"href":"https:\/\/www.actualidadadiario.com\/index.php\/wp-json\/wp\/v2\/posts\/58403\/revisions"}],"predecessor-version":[{"id":58405,"href":"https:\/\/www.actualidadadiario.com\/index.php\/wp-json\/wp\/v2\/posts\/58403\/revisions\/58405"}],"wp:featuredmedia":[{"embeddable":true,"href":"https:\/\/www.actualidadadiario.com\/index.php\/wp-json\/wp\/v2\/media\/58404"}],"wp:attachment":[{"href":"https:\/\/www.actualidadadiario.com\/index.php\/wp-json\/wp\/v2\/media?parent=58403"}],"wp:term":[{"taxonomy":"category","embeddable":true,"href":"https:\/\/www.actualidadadiario.com\/index.php\/wp-json\/wp\/v2\/categories?post=58403"},{"taxonomy":"post_tag","embeddable":true,"href":"https:\/\/www.actualidadadiario.com\/index.php\/wp-json\/wp\/v2\/tags?post=58403"}],"curies":[{"name":"wp","href":"https:\/\/api.w.org\/{rel}","templated":true}]}}