{"id":58400,"date":"2020-03-02T10:48:24","date_gmt":"2020-03-02T13:48:24","guid":{"rendered":"https:\/\/www.actualidadadiario.com\/?p=58400"},"modified":"2020-03-02T10:48:24","modified_gmt":"2020-03-02T13:48:24","slug":"el-ejecutivo-limitara-las-funciones-de-la-afi-y-desclasificara-testimonios-secretos-sobre-amia","status":"publish","type":"post","link":"https:\/\/www.actualidadadiario.com\/index.php\/2020\/03\/02\/el-ejecutivo-limitara-las-funciones-de-la-afi-y-desclasificara-testimonios-secretos-sobre-amia\/","title":{"rendered":"El Ejecutivo limitar\u00e1 las funciones de la AFI y desclasificar\u00e1 testimonios secretos sobre AMIA"},"content":{"rendered":"<p style=\"text-align: center;\"><em><strong>El Presidente anunci\u00f3 que modificar\u00e1 la Ley de Inteligencia, por decreto, para impedir que la Agencia Federal de Investigaciones realice &#8220;tareas represivas&#8221; y que posea &#8220;facultades compulsivas o funciones policiales&#8221;<\/strong><\/em><\/p>\n<p>&nbsp;<\/p>\n<p>El gobierno modificar\u00e1 la Ley de Inteligencia para limitar las atribuciones de la Agencia Federal de Investigaciones (AFI) e impedir que ese organismo pueda estar involucrado en &#8220;tareas represivas&#8221;, cumpla &#8220;tareas de investigaci\u00f3n criminal como auxiliar de Justicia&#8221; y posea &#8220;facultades compulsivas o funciones policiales&#8221;.<\/p>\n<p>As\u00ed lo anunci\u00f3 hoy el presidente Alberto Fern\u00e1ndez en su discurso, al encabezar la Asamblea Legislativa con la que inaugur\u00f3 el per\u00edodo ordinario de sesiones del Congreso Nacional.<\/p>\n<p>&#8220;No habr\u00e1 excepci\u00f3n alguna que quiebre esa resoluci\u00f3n&#8221;, remarc\u00f3 el jefe de Estado y postul\u00f3 &#8220;construir consensos para un nuevo dise\u00f1o del Sistema de Inteligencia Nacional&#8221;.<\/p>\n<p>De esta forma, a 81 d\u00edas de gesti\u00f3n, Fern\u00e1ndez anunci\u00f3 que dar\u00e1 impulso al compromiso asumido en su primer discurso como Presidente, el 10 de diciembre del 2019, cuando expres\u00f3 su &#8220;decisi\u00f3n irreversible de terminar para siempre con los s\u00f3tanos de la democracia&#8221; y anticip\u00f3 que intervendr\u00eda la AFI, reestructurar\u00eda el organismo y derogar\u00eda el decreto que establec\u00eda el secreto de los fondos de inteligencia.<\/p>\n<p>Ante el pleno del cuerpo de ambas c\u00e1maras, el jefe de Estado dijo que le ordenar\u00e1 a la AFI la &#8220;desclasificaci\u00f3n de los testimonios secretos brindados por agentes de inteligencia&#8221; en la investigaci\u00f3n del ataque extremista a la mutual jud\u00eda de 1994.<\/p>\n<p>&#8220;Esa calidad institucional que pregonamos, s\u00f3lo se lograr\u00e1 si todos ayudamos a conocer la verdad; por eso, a 26 a\u00f1os del atentado a la AMIA, ordenar\u00e9 a la AFI desclasificar los testimonios secretos brindados por agentes de inteligencia en los juicios en los que fuera investigado el hecho y la responsabilidad de funcionarios del Estado en el encubrimiento; lo mismo haremos con toda documentaci\u00f3n reservada que exista en el organismo sobre el tema&#8221;, prometi\u00f3 Fern\u00e1ndez.<\/p>\n<p>Record\u00f3 que en enero pasado la Sindicatura General de la Naci\u00f3n se sum\u00f3 como contralor p\u00fablico de la administraci\u00f3n de la AFI y resalt\u00f3 que, &#8220;como consecuencia de todas estas medidas, m\u00e1s del 90% del dinero que el gobierno (anterior) hab\u00eda declarado como fondos reservados se han transparentado y han vuelo a ser p\u00fablicos&#8221;.<\/p>\n<p>Asegur\u00f3 que, de esta manera, &#8220;a paso firme&#8221; su gobierno est\u00e1 &#8220;poniendo punto final al secretismo con el que se manejan parte de los fondos p\u00fablicos&#8221;.<\/p>\n<p>Adem\u00e1s, con el decreto 52\/2019 Fern\u00e1ndez dispuso que los fondos reservados de la AFI sean reasignados para &#8220;financiar pol\u00edticas p\u00fablicas nutricionales y educativas, estrat\u00e9gicas para abordar la emergencia social&#8221;.<\/p>\n<p>El Presidente encuadr\u00f3 estas pol\u00edticas en un &#8220;nuevo dise\u00f1o del sistema de inteligencia nacional&#8221; y en la intenci\u00f3n de su gobierno de &#8220;reponer&#8221; el orden &#8220;perdido&#8221; en materia del sistema de inteligencia del pa\u00eds.<\/p>\n<p>Poco despu\u00e9s de asumir la Presidencia, el 23 de diciembre del a\u00f1o pasado, Fern\u00e1ndez design\u00f3 como interventora de la AFI -por un plazo de 180 d\u00edas- a la ex fiscal Cristina Caama\u00f1o, a trav\u00e9s de un decreto en el que cuestion\u00f3 el &#8220;notorio retroceso institucional&#8221; de ese organismo de inteligencia.<\/p>\n<p>Entre sus atribuciones, Caama\u00f1o tiene que elevar a consideraci\u00f3n del Presidente una propuesta de reformulaci\u00f3n del Sistema de Inteligencia Nacional, que garantice la &#8220;producci\u00f3n de informaci\u00f3n de calidad y oportuna para la seguridad interior, la defensa nacional y las relaciones exteriores de la Naci\u00f3n\u201d y que limite al &#8220;m\u00ednimo funcional&#8221; la actividad confidencial.<\/p>\n<p>En el 2015 Caama\u00f1o estuvo a cargo del Departamento de Interceptaci\u00f3n y Captaci\u00f3n de las Comunicaciones (Dicom), una dependencia de &#8220;escuchas&#8221; que naci\u00f3 al mismo tiempo que la AFI y con la que se pretend\u00eda modificar ciertas pr\u00e1cticas de la ex Side. Por ejemplo, esas comunicaciones dejaron de estar en manos de la ex Side y quedaron bajo la \u00f3rbita de la Procuraci\u00f3n General de la Naci\u00f3n, en manos entonces de Alejandra Gils Carb\u00f3.<\/p>\n<p>En enero pasado, el s\u00edndico Carlos Antonio Montero y Caama\u00f1o acordaron dise\u00f1ar una &#8220;estrategia conjunta&#8221; para &#8220;avanzar en un plan de auditor\u00eda que transparente el accionar de la agencia&#8221;.<\/p>\n<p>\u201cVamos a llevar adelante un trabajo de control que est\u00e9 en total sinton\u00eda con la voluntad pol\u00edtica del Presidente, que nos plantea terminar con la concepci\u00f3n de un Estado secreto\u201d, dijo entonces la conducci\u00f3n de la Sigen a trav\u00e9s de un comunicado.<\/p>\n","protected":false},"excerpt":{"rendered":"<p>El Presidente anunci\u00f3 que modificar\u00e1 la Ley de Inteligencia, por decreto, para impedir que la Agencia Federal de Investigaciones realice &#8220;tareas represivas&#8221; y que posea &#8220;facultades compulsivas o funciones policiales&#8221; &nbsp; El gobierno modificar\u00e1 la Ley de Inteligencia para limitar las atribuciones de la Agencia Federal de Investigaciones (AFI) e impedir que ese organismo pueda estar involucrado en &#8220;tareas represivas&#8221;, cumpla &#8220;tareas de investigaci\u00f3n criminal como auxiliar de Justicia&#8221; y posea &#8220;facultades compulsivas o funciones policiales&#8221;. As\u00ed lo anunci\u00f3 hoy el presidente Alberto Fern\u00e1ndez en su discurso, al encabezar la&#8230;<\/p>\n","protected":false},"author":3,"featured_media":58401,"comment_status":"closed","ping_status":"closed","sticky":false,"template":"","format":"standard","meta":[],"categories":[18],"tags":[],"_links":{"self":[{"href":"https:\/\/www.actualidadadiario.com\/index.php\/wp-json\/wp\/v2\/posts\/58400"}],"collection":[{"href":"https:\/\/www.actualidadadiario.com\/index.php\/wp-json\/wp\/v2\/posts"}],"about":[{"href":"https:\/\/www.actualidadadiario.com\/index.php\/wp-json\/wp\/v2\/types\/post"}],"author":[{"embeddable":true,"href":"https:\/\/www.actualidadadiario.com\/index.php\/wp-json\/wp\/v2\/users\/3"}],"replies":[{"embeddable":true,"href":"https:\/\/www.actualidadadiario.com\/index.php\/wp-json\/wp\/v2\/comments?post=58400"}],"version-history":[{"count":1,"href":"https:\/\/www.actualidadadiario.com\/index.php\/wp-json\/wp\/v2\/posts\/58400\/revisions"}],"predecessor-version":[{"id":58402,"href":"https:\/\/www.actualidadadiario.com\/index.php\/wp-json\/wp\/v2\/posts\/58400\/revisions\/58402"}],"wp:featuredmedia":[{"embeddable":true,"href":"https:\/\/www.actualidadadiario.com\/index.php\/wp-json\/wp\/v2\/media\/58401"}],"wp:attachment":[{"href":"https:\/\/www.actualidadadiario.com\/index.php\/wp-json\/wp\/v2\/media?parent=58400"}],"wp:term":[{"taxonomy":"category","embeddable":true,"href":"https:\/\/www.actualidadadiario.com\/index.php\/wp-json\/wp\/v2\/categories?post=58400"},{"taxonomy":"post_tag","embeddable":true,"href":"https:\/\/www.actualidadadiario.com\/index.php\/wp-json\/wp\/v2\/tags?post=58400"}],"curies":[{"name":"wp","href":"https:\/\/api.w.org\/{rel}","templated":true}]}}