{"id":58397,"date":"2020-03-02T10:47:32","date_gmt":"2020-03-02T13:47:32","guid":{"rendered":"https:\/\/www.actualidadadiario.com\/?p=58397"},"modified":"2020-03-02T10:47:32","modified_gmt":"2020-03-02T13:47:32","slug":"el-gobierno-envia-en-dos-semanas-la-ley-para-legalizar-el-aborto","status":"publish","type":"post","link":"https:\/\/www.actualidadadiario.com\/index.php\/2020\/03\/02\/el-gobierno-envia-en-dos-semanas-la-ley-para-legalizar-el-aborto\/","title":{"rendered":"El Gobierno env\u00eda en dos semanas la ley para legalizar el aborto"},"content":{"rendered":"<p style=\"text-align: center;\"><em><strong>El presidente habl\u00f3 de la situaci\u00f3n que atraviesan las mujeres que deciden no seguir con el embarazo y la escasa o casi nula ayuda del Estado en esas situaciones<\/strong><\/em><\/p>\n<p>&nbsp;<\/p>\n<p>&nbsp;<\/p>\n<p>&nbsp;<\/p>\n<p>El presidente Alberto Fern\u00e1ndez anunci\u00f3 que &#8220;en diez d\u00edas enviar\u00e1 un proyecto de ley de interrupci\u00f3n del embarazo que legalice el aborto en el tiempo inicial del embarazo y le permita a las mujeres acceder al sistema de salud&#8221;, en su discurso en el Congreso la Asamblea Legislativa. Parte de su discurso se dedic\u00f3 a las iniciativas que habr\u00e1 en el 2020 para la legalizaci\u00f3n del aborto, cuyo proyecto de ley ser\u00e1 enviado en los pr\u00f3ximos diez d\u00edas.<\/p>\n<p>&#8220;Es un tema que llevamos mucho tiempo debati\u00e9ndolo entre nosotros. Es un tema que tiene profundas implicancias personales. La situaci\u00f3n de las mujeres gestantes en Argentina presenta aspectos diversos, distintos son los desaf\u00edos que enfrenta la mujer que desea tener a su hijo y aquellas que deciden interrumpir su embarazo&#8221;, enfatiz\u00f3.<\/p>\n<p>Frente a la situaci\u00f3n actual del Estado en las experiencias que viven las mujeres a la hora de tomar la situaci\u00f3n de no continuar con la gestaci\u00f3n, Fern\u00e1ndez destac\u00f3 que &#8220;un estado que cuida debe acompa\u00f1ar a todas las mujeres para aquellos procesos que se desarrollan accediendo plenamente al sistema de salud&#8221;.<\/p>\n<p>&#8220;La legislaci\u00f3n vigente en materia de aborto no es efectiva. Desde 1921 la Argentina penaliza la interrupci\u00f3n voluntaria del embarazo en la mayor\u00eda de las situaciones. Est\u00e1 visto que son muchas las mujeres que no se sienten conminadas por la pena prevista para el aborto y que recurren a \u00e9l para interrumpir sus embarazos&#8221;, agreg\u00f3 en el discurso brindado en el Congreso.<\/p>\n<p>El jefe de Estado tambi\u00e9n habl\u00f3 de la amenaza penal que existe actualmente frente a esta acci\u00f3n y aclar\u00f3 que &#8220;no solo ha sido ineficiente demostrando que el devenir social transcurre m\u00e1s all\u00e1 de la misma norma, tambi\u00e9n ha condenado a muchas mujeres, generalmente de escasos recursos a recurrir a pr\u00e1cticas abortivas en la m\u00e1s absoluta clandestinidad poniendo en riesgo su salud y a veces su vida misma&#8221;.<\/p>\n<p>&#8220;El aborto sucede, es un hecho. Un estado presente debe proteger a los ciudadanos en general y obviamente a las mujeres en particular. En el Siglo XXI toda sociedad necesita respetar la decisi\u00f3n individual de sus miembros a disponer libremente de sus cuerpos&#8221;, dijo el presidente de la Rep\u00fablica Argentina.<\/p>\n<p>En el pa\u00eds existe diferentes casos para llevar adelante un embarazo que se encuentra muy ligado a la situaci\u00f3n econ\u00f3mica de la persona, por ese motivo, Fern\u00e1ndez indic\u00f3 que el &#8220;prop\u00f3sito es tambi\u00e9n llegar a las mujeres de nuestro pa\u00eds en situaci\u00f3n de vulnerabilidad social en la etapa que m\u00e1s necesitan de la presencia del Estado. Durante el embarazo, nacimiento, puerperio, primeros a\u00f1os de crianza el estado debe estar presente en estos momentos trascendentales de la familia para acompa\u00f1ar y brindar cuidado y protecci\u00f3n durante el embarazo de la mujer en nacimiento del hijo o hija y en el desarrollo de la primera infancia del reci\u00e9n nacido&#8221;.<\/p>\n<p>&#8220;Para ello necesitamos un estado activo con fuerte presencia capaz de articular pol\u00edticas p\u00fablicas sustentables y que pueda asistir a las familias que necesitan su apoyo en nuestro pa\u00eds&#8221;, remarc\u00f3 el presidente.<\/p>\n<p>Frente al caso contrario del aborto, es decir para aquellas mujeres que decidan continuar con un embarazo, enviar\u00e1 un proyecto de ley para que se sientan acompa\u00f1adas por el Estado. &#8220;Junto a la ley que buscar legalizar el aborto enviaremos al Congreso nacional un proyecto de ley que instaure el plan de los mil d\u00edas para garantizar la atenci\u00f3n y el cuidado integral de la vida y la salud de la mujer embarazada y de sus hijos e hijas en los primeros a\u00f1os de vida&#8221;, recalc\u00f3 Alberto.<\/p>\n","protected":false},"excerpt":{"rendered":"<p>El presidente habl\u00f3 de la situaci\u00f3n que atraviesan las mujeres que deciden no seguir con el embarazo y la escasa o casi nula ayuda del Estado en esas situaciones &nbsp; &nbsp; &nbsp; El presidente Alberto Fern\u00e1ndez anunci\u00f3 que &#8220;en diez d\u00edas enviar\u00e1 un proyecto de ley de interrupci\u00f3n del embarazo que legalice el aborto en el tiempo inicial del embarazo y le permita a las mujeres acceder al sistema de salud&#8221;, en su discurso en el Congreso la Asamblea Legislativa. Parte de su discurso se dedic\u00f3 a las iniciativas que&#8230;<\/p>\n","protected":false},"author":3,"featured_media":58398,"comment_status":"closed","ping_status":"closed","sticky":false,"template":"","format":"standard","meta":[],"categories":[9],"tags":[],"_links":{"self":[{"href":"https:\/\/www.actualidadadiario.com\/index.php\/wp-json\/wp\/v2\/posts\/58397"}],"collection":[{"href":"https:\/\/www.actualidadadiario.com\/index.php\/wp-json\/wp\/v2\/posts"}],"about":[{"href":"https:\/\/www.actualidadadiario.com\/index.php\/wp-json\/wp\/v2\/types\/post"}],"author":[{"embeddable":true,"href":"https:\/\/www.actualidadadiario.com\/index.php\/wp-json\/wp\/v2\/users\/3"}],"replies":[{"embeddable":true,"href":"https:\/\/www.actualidadadiario.com\/index.php\/wp-json\/wp\/v2\/comments?post=58397"}],"version-history":[{"count":1,"href":"https:\/\/www.actualidadadiario.com\/index.php\/wp-json\/wp\/v2\/posts\/58397\/revisions"}],"predecessor-version":[{"id":58399,"href":"https:\/\/www.actualidadadiario.com\/index.php\/wp-json\/wp\/v2\/posts\/58397\/revisions\/58399"}],"wp:featuredmedia":[{"embeddable":true,"href":"https:\/\/www.actualidadadiario.com\/index.php\/wp-json\/wp\/v2\/media\/58398"}],"wp:attachment":[{"href":"https:\/\/www.actualidadadiario.com\/index.php\/wp-json\/wp\/v2\/media?parent=58397"}],"wp:term":[{"taxonomy":"category","embeddable":true,"href":"https:\/\/www.actualidadadiario.com\/index.php\/wp-json\/wp\/v2\/categories?post=58397"},{"taxonomy":"post_tag","embeddable":true,"href":"https:\/\/www.actualidadadiario.com\/index.php\/wp-json\/wp\/v2\/tags?post=58397"}],"curies":[{"name":"wp","href":"https:\/\/api.w.org\/{rel}","templated":true}]}}