{"id":58394,"date":"2020-03-02T10:46:49","date_gmt":"2020-03-02T13:46:49","guid":{"rendered":"https:\/\/www.actualidadadiario.com\/?p=58394"},"modified":"2020-03-02T10:46:49","modified_gmt":"2020-03-02T13:46:49","slug":"punto-por-punto-el-discurso-de-alberto-fernandez","status":"publish","type":"post","link":"https:\/\/www.actualidadadiario.com\/index.php\/2020\/03\/02\/punto-por-punto-el-discurso-de-alberto-fernandez\/","title":{"rendered":"Punto por punto, el discurso de Alberto Fern\u00e1ndez"},"content":{"rendered":"<p style=\"text-align: center;\"><em><strong>El Presidente defini\u00f3 ante la Asamblea Legislativa las prioridades de su gesti\u00f3n para &#8220;cambiar el rumbo que el pa\u00eds ven\u00eda transitando&#8221; con el macrismo. Anunci\u00f3 proyectos para despenalizar el aborto y reformar la justicia. Tambi\u00e9n se refiri\u00f3 a la marcha de la negociaci\u00f3n de la deuda externa y a los impuestos al agro<\/strong><\/em><\/p>\n<p>&nbsp;<\/p>\n<p>&nbsp;<\/p>\n<p>El presidente Alberto Fern\u00e1ndez dej\u00f3 en claro en sus primeras palabras ante la Asamblea Legislativa cu\u00e1les ser\u00e1n sus prioridades de gesti\u00f3n para \u201cconstruir la transformaci\u00f3n\u201d profunda en el pa\u00eds. \u201cVengo a ratificar con mi presencia y mis palabras el compromiso de cambiar el rumbo que nuestro pa\u00eds ven\u00eda transitando\u201d, subray\u00f3 Fern\u00e1ndez al hacer hincapi\u00e9 en \u201cla situaci\u00f3n extremadamente delicada\u201d de la Argentina que dej\u00f3 Mauricio Macri: \u201cun pa\u00eds da\u00f1ado en su tejido social y productivo con su alma herida por divisiones profundas\u201d.<\/p>\n<p>&nbsp;<\/p>\n<p><strong>Las medidas en sus primeros 100 d\u00edas<\/strong><\/p>\n<p>El Presidente record\u00f3 las medidas gubernamentales que impuls\u00f3 desde el comienzo de su gesti\u00f3n, que tuvieron como norte el objetivo claro de ocuparse \u201cantes que nada de los que han sido olvidados\u201d. \u201cDespu\u00e9s persistimos en el di\u00e1logo econ\u00f3mico y social como el modo m\u00e1s perfecto de alcanzar el desarrollo en armon\u00eda\u201d, puntualiz\u00f3.<\/p>\n<p>En ese sentido, explic\u00f3 que \u201cel pre\u00e1mbulo\u201d de su nuevo \u201ccontrato de ciudadan\u00eda social\u201d consisti\u00f3 y \u201ca\u00fan consiste en detener la ca\u00edda de argentinos en la pobreza\u201d, en \u201ctranquilizar la econom\u00eda para recuperar el trabajo y recomponer los ingresos de quienes menos tienen\u201d. En ese marco, celebr\u00f3 la sanci\u00f3n de la Ley de Solidaridad social y Reactivaci\u00f3n Productiva.<\/p>\n<p>Fern\u00e1ndez record\u00f3 que tom\u00f3 medidas urgentes \u201cque estuvieron destinadas a recomponer la capacidad de consumo de los sectores m\u00e1s desprotegidos\u201d y enumer\u00f3 al salario m\u00ednimo y uniforme dispuesto para los trabajadores en relaci\u00f3n de dependencia del sector privado, los aumentos al sector Estatal, a las Fuerzas Armadas y Seguridad, adem\u00e1s del Bono de Emergencia de $5000 para jubilados en los meses de enero y diciembre y el subsidio extraordinario de $2000 dispuesto en el mes de diciembre por cada hijo de la titular de la asignaci\u00f3n universal por hijo.<\/p>\n<p>En cuanto a la econom\u00eda, subray\u00f3 la baja de la tasa de inter\u00e9s en los cr\u00e9ditos del Anses y la suspensi\u00f3n del cobro de cuotas disminuidas de las tasas de inter\u00e9s para las tarjetas de cr\u00e9dito como parte de una disminuci\u00f3n general de la tasa de inter\u00e9s. \u201cEn los 81 d\u00edas de gesti\u00f3n que llevamos la tasa de inter\u00e9s bancaria se ha reducido del 63% al 40% establecimos una moratoria de la afip para pymes monotributistas y entidades sin fines de lucro y se dispuso una nueva l\u00ednea de cr\u00e9ditos del Banco Naci\u00f3n para pymes, decretamos la doble indemnizaci\u00f3n para los despidos sin causa y relanzamos el programa de precios cuidados\u201d, detall\u00f3.<\/p>\n<p>&nbsp;<\/p>\n<p><strong>Aborto<\/strong><\/p>\n<p>En uno de los anuncios m\u00e1s esperados de la sesi\u00f3n, Alberto Fern\u00e1ndez se\u00f1al\u00f3 que en los pr\u00f3ximos 10 d\u00edas presentar\u00e1 un proyecto sobre la despenalizaci\u00f3n del aborto. &#8220;Es un tema que llevamos mucho tiempo debati\u00e9ndolo entre nosotros y que tiene profundas implicancias personales. La situaci\u00f3n de las mujeres gestantes en Argentina presenta aspectos diversos, distintos son los desaf\u00edos que enfrenta la mujer que desea tener a su hijo y aquellas que deciden interrumpir su embarazo&#8221;.<\/p>\n<p>Continu\u00f3: &#8220;Un Estado que cuida debe acompa\u00f1ar a todas las mujeres para aquellos procesos que se desarrollan accediendo plenamente al sistema de salud. La legislaci\u00f3n vigente en materia de aborto no es efectiva. Desde 1921 la Argentina penaliza la interrupci\u00f3n voluntaria del embarazo en la mayor\u00eda de las situaciones. Est\u00e1 visto que son muchas las mujeres que no se sienten conminadas por la pena prevista para el aborto y que recurren a \u00e9l para interrumpir sus embarazos. La existencia de la amenaza penal no s\u00f3lo ha sido ineficiente demostrando que el devenir social transcurre m\u00e1s all\u00e1 de la misma norma, tambi\u00e9n ha condenado a muchas mujeres, generalmente de escasos recursos, a recurrir a pr\u00e1cticas abortivas en la m\u00e1s absoluta clandestinidad poniendo en riesgo su salud y a veces su vida misma&#8221;.<\/p>\n<p>Agreg\u00f3: &#8220;El aborto sucede, es un hecho. Un estado presente debe proteger a los ciudadanos en general y obviamente a las mujeres en particular. En el siglo XXI toda sociedad necesita respetar la decisi\u00f3n individual de sus miembros a disponer libremente de sus cuerpos. Por eso, dentro de los pr\u00f3ximos 10 d\u00edas presentar\u00e9 un proyecto de ley de interrupci\u00f3n voluntaria del embarazo que legalice el aborto en el tiempo inicial del embarazo y permite a las mujeres acceder al sitio cuando toman la decisi\u00f3n de abortar&#8221;.<\/p>\n<p>En otro pasaje de su discurso, expres\u00f3: &#8220;Junto a la ley que buscar legalizar el aborto enviaremos al Congreso nacional un proyecto de ley que instaure el plan de los mil d\u00edas para garantizar la atenci\u00f3n y el cuidado integral de la vida y la salud de la mujer embarazada y de sus hijos e hijas en los primeros a\u00f1os de vida&#8221;.<\/p>\n<p>&nbsp;<\/p>\n<p><strong>\u201cNunca m\u00e1s al endeudamiento\u201d<\/strong><\/p>\n<p>En otro pasaje de su discurso, el Presidente se refiri\u00f3 a su reciente gira y las entrevistas con distintos mandatarios en las que se abord\u00f3 el tema de la deuda externa argentina. \u201cLos l\u00edderes de Israel, Espa\u00f1a, Francia, Italia y Alemania -a quienes entrevistamos- manifestaron su posici\u00f3n de acompa\u00f1ar la voluntad argentina de encarar una salida a la encrucijada del endeudamiento externo. El propio Fondo Monetario Internacional ha se\u00f1alado que la deuda argentina no es sostenible\u201d.<\/p>\n<p>A\u00f1adi\u00f3: \u201cDe ese modo nos ha dado la raz\u00f3n en lo que hemos venido planteando con persistencia durante todo este tiempo. En el tema de la deuda hay muchos intereses en juego, hay gente con intereses distintos a los del pa\u00eds, que no dudan en jugar fuerte.\u201d<\/p>\n<p>Tambi\u00e9n se\u00f1al\u00f3 que \u201calgunos piden m\u00e1s ajuste. M\u00e1s ajuste lleva a m\u00e1s recesi\u00f3n, a menos oportunidades, a m\u00e1s pobreza, desigualdad y m\u00e1s exclusi\u00f3n. No vamos a pagar la deuda a costa del hambre y la destrucci\u00f3n de los sue\u00f1os de los argentinos y las argentinas\u201d.<\/p>\n<p>Tambi\u00e9n habl\u00f3 del \u201cda\u00f1o inmenso que deber\u00e1n sufrir varias generaciones de argentinos\u201d por la deuda externa contra\u00edda y reiter\u00f3 una consigna que tambi\u00e9n hab\u00eda enarbolado durante su discurso de asunci\u00f3n: \u201cNunca m\u00e1s a un endeudamiento insostenible, nunca m\u00e1s a decisiones que se toman con \u00ednfulas tecnocr\u00e1ticas de la noche a la ma\u00f1ana y de espaldas al pueblo, nunca m\u00e1s a la puerta giratoria de d\u00f3lares que ingresan por el endeudamiento y se fugan dejando tierra arrasada su paso\u201d.<\/p>\n<p>En cuanto a las negociaciones con el FMI, expres\u00f3: \u201cCon las autoridades del Fondo Monetario Internacional venimos trabajando en forma constructiva. Han reconocido lo profundamente grave que es la situaci\u00f3n econ\u00f3mica. Hay un creciente entendimiento mutuo en una crisis en la cual todas las responsabilidades son compartidas por el gobierno que presidio al nuestro, por los bonistas y por el mismo Fondo.\u201d<\/p>\n<p>Agreg\u00f3: \u201cNecesitamos un acuerdo que le permita a Argentina ponerse de pie y no volver a caer. Eso es innegociable, si queremos superar para siempre los ciclos de sobreendeudamiento. Debemos tomar compromisos que se puedan cumplir. Esa premisa ser\u00e1 la base de las ofertas que le haremos a los acreedores en las pr\u00f3ximas semanas\u201d.<\/p>\n<p>&nbsp;<\/p>\n<p><strong>Derechos Humanos<\/strong><\/p>\n<p>En cuanto a derechos humanos, el Presidente se\u00f1al\u00f3 que &#8220;hemos encontrado un panorama de desidia y abandon\u00f3 en ese tema. La gesti\u00f3n anterior dej\u00f3 sin responder al menos 120 casos ante la Comisi\u00f3n Interamericana de Derechos Humanos; el 75% de esos casos tienen el plazo de respuesta vencido. Cuando el Estado no responde algunas de esas peticiones las consecuencias pueden incluir la p\u00e9rdida del derecho de defensa, graves perjuicios econ\u00f3micos o una situaci\u00f3n de riesgo para la integridad f\u00edsica de alguna v\u00edctima sin atender&#8221;.<\/p>\n<p>Agreg\u00f3: &#8220;No se otorgaron los insumos b\u00e1sicos para el normal funcionamiento del archivo Nacional de la memoria, se incumpli\u00f3 el env\u00edo de fondos al equipo argentino de antropolog\u00eda forense y suspendi\u00f3 tareas como la identificaci\u00f3n de los soldados de Malvinas, la b\u00fasqueda de desaparecidos de la dictadura y la colaboraci\u00f3n en casos de femicidios, trata de personas o desapariciones actuales&#8221;.<\/p>\n<p>En otro pasaje de su discurso, afirm\u00f3: &#8220;Derechos humanos no es la columna vertebral de un gobierno sino la columna vertebral de la Rep\u00fablica Argentina. Sin Memoria, Verdad y Justicia la Argentina no puede ponerse realmente de pie. Vamos a recuperar el rol activo del Estado en el juzgamiento de los cr\u00edmenes de lesa humanidad. Queremos asegurar con celeridad el papel que hist\u00f3ricamente le correspondi\u00f3 al Estado en cuanto responsable de las pol\u00edticas p\u00fablicas que garantizan el proceso de Memoria, Verdad y Justicia en el contexto de la ley Nacional de sitios de memoria, preservando el recuerdo colectivo del horror de la dictadura.<\/p>\n<p>&nbsp;<\/p>\n<p><strong>El plan contra el hambre<\/strong><\/p>\n<p>Fern\u00e1ndez cit\u00f3 cifras de la FAO para luego concluir en que ahora se sabe que &#8220;no s\u00f3lo en endeudamiento externo batimos todos los r\u00e9cords&#8221; en los \u00faltimos a\u00f1os, por eso ratific\u00f3 su compromiso en la lucha contra el hambre. &#8220;Comer no puede ser un privilegio&#8221;, defini\u00f3.<\/p>\n<p>En ese marco, celebr\u00f3 el lanzamiento de la tarjeta alimentaria, que ya lleg\u00f3 a casi &#8221; 1000000 de personas&#8221;. &#8220;El plan Argentina contra el hambre es tambi\u00e9n una herramienta para motorizar la econom\u00eda de abajo hacia arriba una cadena virtuosa que acerqu\u00e9 a productores y consumidores&#8221;, explic\u00f3, al agregar que la inserci\u00f3n de la tarjeta implica una &#8220;inyecci\u00f3n de m\u00e1s de 70 mil millones de pesos anuales&#8221;.<\/p>\n<p>&nbsp;<\/p>\n<p><strong>Salud<\/strong><\/p>\n<p>El mandatario hizo especial hincapi\u00e9 tambi\u00e9n en el relanzamiento del plan Remediar. &#8220;Cumpliendo con mi promesa electoral garantizamos el acceso gratuito de medicamentos esenciales a m\u00e1s de 5000000 de jubilados y jubiladas&#8221;. Del mismo modo, resalt\u00f3 que su gobierno acord\u00f3 &#8220;una rebaja del 8% en los precios de los medicamentos en Farmacias comerciales&#8221;. Tambi\u00e9n celebr\u00f3 que se pudieran liberar r\u00e1pidamente &#8220;m\u00e1s de 12 millones de vacunas que estaban retenidas desde hac\u00eda meses en la aduana&#8221;.<\/p>\n<p>&nbsp;<\/p>\n<p><strong>Inflaci\u00f3n y defensa del consumidor<\/strong><\/p>\n<p>En cuanto a la inflaci\u00f3n, afirm\u00f3 que estamos \u201ctrabajando para crear una pol\u00edtica de defensa del consumidor que evite los abusos. Estamos analizando la estructura de costos de los eslabones de la producci\u00f3n para trabajar en las diferentes relaciones entre intermediarios y canales de comercializaci\u00f3n\u201d, de modo de \u201cevitar los abusos de la posici\u00f3n dominante\u201d. \u201cVamos a fortalecer los mecanismos de defensa del consumidor y la lealtad comercial\u201d, enfatiz\u00f3.<\/p>\n<p>Agreg\u00f3: \u201cQue los precios dejen de crecer en Argentina es una responsabilidad de todos. El gobierno nacional se va a poner al frente de la batalla contra la inflaci\u00f3n, usando todas las herramientas legales con las que cuenta. No es posible que con la moneda estabilizada y las tarifas congeladas, al igual que los combustibles, el precio de los alimentos siga creciendo\u201d.Con respecto a los formadores de precios, expres\u00f3: \u201cVamos a exigirles total responsabilidad a los formadores de precios. Argentina no resiste m\u00e1s el abuso de quienes preservan su rentabilidad a costa de consumidores condenados a pagar sus excesos. Debemos terminar con la Argentina de los vivos\u201d.<\/p>\n<p>&nbsp;<\/p>\n<p><strong>AFI y reforma judicial<\/strong><\/p>\n<p>Alberto Fern\u00e1ndez propuso abrir un debate respecto a &#8220;la mejor democracia que a\u00fan nos debemos\u201d. \u201cApostamos a una democracia profunda y una mejor calidad institucional. Como lo anuncie el d\u00eda de mi Asunci\u00f3n tenemos la decisi\u00f3n Irreversible de terminar para siempre para siempre con los s\u00f3tanos de la democracia\u201d, indic\u00f3 al resaltar la intervenci\u00f3n a la Agencia Federal de Inteligencia. \u201cTerminamos con el oscurantismo que imper\u00f3 en estos a\u00f1os\u201d, celebr\u00f3.<\/p>\n<p>Anunci\u00f3 que en pos de \u201creponer el orden\u201d dictar\u00e1 esta misma semana un DNU \u201cque modifique la Ley de Inteligencia para impedir a los organismos inteligencia y a sus miembros realizar tareas represivas, poseer facultades compulsivas, cumplir funciones policiales o desarrollar tareas de investigaci\u00f3n criminal como auxiliares de la justicia\u201d.<\/p>\n<p>Luego, detall\u00f3 en qu\u00e9 consistir\u00e1 su reforma al Poder Judicial. \u201cVenimos a ponerle fin a la designaci\u00f3n de jueces amigos, a la manipulaci\u00f3n judicial, a la utilizaci\u00f3n pol\u00edtica de la justicia y el nombramiento de jueces dependientes de poderes inconfesables de cualquier naturaleza\u201d. En ese sentido, anunci\u00f3 un \u201creordenamiento de la justicia Federal\u201d para evitar \u201cel cajoneo de expedientes y la activaci\u00f3n de causas en funci\u00f3n de los tiempos pol\u00edticos\u201d.<\/p>\n<p>&nbsp;<\/p>\n<p><strong>Campo y retenciones<\/strong><\/p>\n<p>Fern\u00e1ndez subray\u00f3 que para que ese proceso de \u201cdesarrollo econ\u00f3mico federal \u201ctiene que tener como \u201cprotagonista importante al campo\u201d. \u201cLos hemos convocado para que con su esfuerzo colaboren en la lucha contra el hambre los horticultores, los productores de fruta, de cereales, de carne o de leche\u201d, destac\u00f3 al subrayar en el \u201cesfuerzo que tiene que dar aquellos que producen y exportan porque tienen mejores condiciones en la Argentina de hoy\u201d.<\/p>\n<p>\u201cQueriendo preservar el mejor desarrollo del campo hemos hecho una propuesta generosa en materia de derechos a las exportaciones\u201d, asegur\u00f3. Detall\u00f3 que se incrementa \u201cs\u00f3lo uno de un total de 25 cultivos que hoy est\u00e1n afectados por esos derechos\u201d, en una clara referencia a la soja.<\/p>\n<p>\u201cQueriendo preservar el mejor desarrollo del campo hemos hecho una propuesta generosa en materia de derechos a las exportaciones\u201d, asegur\u00f3. \u201cYo aspiro a que esta vez a trav\u00e9s del di\u00e1logo encontremos el camino que nos conduzca a sostener el desarrollo y a preservar las cuentas p\u00fablicas nuestro pa\u00eds\u201d, indic\u00f3 luego respecto a las negociaciones encaradas con ese sector.<\/p>\n<p>\u201cLa propuesta que hemos sometido a consideraci\u00f3n del sector preserva la situaci\u00f3n de los peque\u00f1os productores y adem\u00e1s respeta con todo las condiciones que nos fueron impuestas por la ley de solidaridad social y reactivaci\u00f3n productiva. Esto resulta absolutamente favorable para muchos cultivos pero particularmente para el desarrollo de las econom\u00edas regionales\u201d, ampli\u00f3.<\/p>\n<p>&nbsp;<\/p>\n<p><strong>Desarrollo productivo y ley de Econom\u00eda del Conocimiento<\/strong><\/p>\n<p>El Presidente afirm\u00f3 que quiere proponerle a la Naci\u00f3n \u201cun conjunto de acciones colectivas para el per\u00edodo 2020-2021\u201d relacionados a la recuperaci\u00f3n de la capacidad productiva del pa\u00eds. En ese marco, asegur\u00f3 que su gesti\u00f3n inici\u00f3 \u201cuna renovada batalla nacional por el gas y el petr\u00f3leo\u201d, al anunciar que enviar\u00e1 un proyecto de ley \u201cpara el desarrollo del sector hidrocarbur\u00edfero y minero, que promueva y estimule la inversi\u00f3n nacional e internacional en el sector y facilite el desarrollo de la cadena de valor Industrial tecnol\u00f3gico y de servicios\u201d con el objetivo de \u201ccrear cientos de miles de empleos directos\u201d.<\/p>\n<p>Los hidrocarburos ser\u00e1n la palanca para el desarrollo productivo de nuestro pa\u00eds\u201d, defini\u00f3, al asegurar que extraer\u00e1 los recursos \u201ca partir de un entramado productivo tecnol\u00f3gico y diversificado en todas las provincias argentinas motorizando la creaci\u00f3n de empleos\u201d. \u201cTambi\u00e9n tenemos grandes posibilidades pendientes con pleno respeto a est\u00e1ndares ambientales y participaci\u00f3n social en particular la miner\u00eda metal\u00edfera y la de litio\u201d, complet\u00f3.<\/p>\n<p>Otro de los proyectos anunciados tiene que ver con los \u201csectores intensivos en el conocimiento\u201d. Fern\u00e1ndez confirm\u00f3 que enviar\u00e1 una modificaci\u00f3n de la ley de econom\u00eda del conocimiento que incorporar\u00e1 \u201cuna perspectiva de g\u00e9nero y federal para la generaci\u00f3n de empleo\u201d. \u201cPara aumentar las capacidades de investigaci\u00f3n y desarrollo y la sustentabilidad ambiental en el sector productivo necesitamos potenciar nuestro sistema de ciencia y tecnolog\u00eda comenzamos en los primeros d\u00edas ampliando los ingresos al Conicet y aumentando sustancialmente los montos de las becas de nuestros j\u00f3venes\u201d, indic\u00f3 luego sobre el rumbo de su pol\u00edtica de ciencia y tecnolog\u00eda.<\/p>\n<p>&nbsp;<\/p>\n<p><strong>Herencia<\/strong><\/p>\n<p>Alberto Fern\u00e1ndez plante\u00f3 el escenario que recibi\u00f3 del macrismo. \u201cSoportamos un nivel r\u00e9cord de inflaci\u00f3n del 53,8% durante el a\u00f1o 2019. Debemos enfrentar una deuda p\u00fablica r\u00e9cord en monto y concentraci\u00f3n temporal de vencimientos. S\u00f3lo en el 2020 los vencimientos de capital representan el equivalente a 48.968 millones de d\u00f3lares. A ello deber\u00edamos adicionarle 14.838 millones de d\u00f3lares en concepto de intereses de esa deuda. La desocupaci\u00f3n trep\u00f3 9,7 por ciento destruyendo m\u00e1s de 240.000 empleos privados entre 2015 y 2019. La industria instalada registra un nivel de capacidad ociosa que roza el 40%, llevamos 19 meses consecutivos de ca\u00edda de la actividad Industrial nuestro pa\u00eds. Hace dos a\u00f1os que est\u00e1 sumido en una recesi\u00f3n profunda\u201d.<\/p>\n<p>Tambi\u00e9n se\u00f1al\u00f3 que el \u201cestado nacional registr\u00f3 una deuda en materia de obras p\u00fablicas de m\u00e1s de 35000 billones de pesos, el 60% de las obras iniciadas se encuentran paralizadas, los aumentos tarifarios de los servicios p\u00fablicos en los cuatro a\u00f1os que precedieron a nuestra llegada registraron incrementos excesivos: el servicio de gas 2000 por ciento y el de electricidad cerca del 3000 por ciento\u201d.<\/p>\n<p>El Presidente se\u00f1al\u00f3 que aumentos llevaron \u201ca situaciones cr\u00edticas a miles de familias, jubilados, comercios, pymes e industrias m\u00e1s de 5 millones de argentinos y argentinas que son parte de los sectores m\u00e1s vulnerables de nuestra sociedad\u201d.<\/p>\n<p>En cuanto a la funci\u00f3n reguladora del este durante los cuatro a\u00f1os de gobierno de Macri, se\u00f1al\u00f3 que \u201cencontramos un estado debilitado donde casi desaparecieron los instrumentos de regulaci\u00f3n, ha habido problemas recurrentes con el mantenimiento de la infraestructura y el patrimonio, se lastim\u00f3 la relaci\u00f3n con los trabajadores del Estado, postergados por la llegada gerentes que fueron recompensados con sueldos que el resto de los empleados no recibieron\u201d.<\/p>\n<p>Agreg\u00f3: \u201cEl nivel de depreciaci\u00f3n Argentina es tal que s\u00f3lo un esfuerzo mancomunado, honestidad intelectual y fraternidad comunitaria ser\u00e1 capaz de encaminar nuevamente a nuestra Patria a un desarrollo inclusivo y sostenible. Lo afirm\u00f3 con humildad y tambi\u00e9n con profunda convicci\u00f3n. Lo dije al jurar como presidente de la Argentina.<\/p>\n","protected":false},"excerpt":{"rendered":"<p>El Presidente defini\u00f3 ante la Asamblea Legislativa las prioridades de su gesti\u00f3n para &#8220;cambiar el rumbo que el pa\u00eds ven\u00eda transitando&#8221; con el macrismo. Anunci\u00f3 proyectos para despenalizar el aborto y reformar la justicia. Tambi\u00e9n se refiri\u00f3 a la marcha de la negociaci\u00f3n de la deuda externa y a los impuestos al agro &nbsp; &nbsp; El presidente Alberto Fern\u00e1ndez dej\u00f3 en claro en sus primeras palabras ante la Asamblea Legislativa cu\u00e1les ser\u00e1n sus prioridades de gesti\u00f3n para \u201cconstruir la transformaci\u00f3n\u201d profunda en el pa\u00eds. \u201cVengo a ratificar con mi presencia&#8230;<\/p>\n","protected":false},"author":3,"featured_media":58395,"comment_status":"closed","ping_status":"closed","sticky":false,"template":"","format":"standard","meta":[],"categories":[9],"tags":[],"_links":{"self":[{"href":"https:\/\/www.actualidadadiario.com\/index.php\/wp-json\/wp\/v2\/posts\/58394"}],"collection":[{"href":"https:\/\/www.actualidadadiario.com\/index.php\/wp-json\/wp\/v2\/posts"}],"about":[{"href":"https:\/\/www.actualidadadiario.com\/index.php\/wp-json\/wp\/v2\/types\/post"}],"author":[{"embeddable":true,"href":"https:\/\/www.actualidadadiario.com\/index.php\/wp-json\/wp\/v2\/users\/3"}],"replies":[{"embeddable":true,"href":"https:\/\/www.actualidadadiario.com\/index.php\/wp-json\/wp\/v2\/comments?post=58394"}],"version-history":[{"count":1,"href":"https:\/\/www.actualidadadiario.com\/index.php\/wp-json\/wp\/v2\/posts\/58394\/revisions"}],"predecessor-version":[{"id":58396,"href":"https:\/\/www.actualidadadiario.com\/index.php\/wp-json\/wp\/v2\/posts\/58394\/revisions\/58396"}],"wp:featuredmedia":[{"embeddable":true,"href":"https:\/\/www.actualidadadiario.com\/index.php\/wp-json\/wp\/v2\/media\/58395"}],"wp:attachment":[{"href":"https:\/\/www.actualidadadiario.com\/index.php\/wp-json\/wp\/v2\/media?parent=58394"}],"wp:term":[{"taxonomy":"category","embeddable":true,"href":"https:\/\/www.actualidadadiario.com\/index.php\/wp-json\/wp\/v2\/categories?post=58394"},{"taxonomy":"post_tag","embeddable":true,"href":"https:\/\/www.actualidadadiario.com\/index.php\/wp-json\/wp\/v2\/tags?post=58394"}],"curies":[{"name":"wp","href":"https:\/\/api.w.org\/{rel}","templated":true}]}}