{"id":58384,"date":"2020-03-02T10:42:29","date_gmt":"2020-03-02T13:42:29","guid":{"rendered":"https:\/\/www.actualidadadiario.com\/?p=58384"},"modified":"2020-03-02T10:42:29","modified_gmt":"2020-03-02T13:42:29","slug":"once-distritos-abrieron-sesiones-con-foco-en-crisis-y-vinculos-con-nacion","status":"publish","type":"post","link":"https:\/\/www.actualidadadiario.com\/index.php\/2020\/03\/02\/once-distritos-abrieron-sesiones-con-foco-en-crisis-y-vinculos-con-nacion\/","title":{"rendered":"Once distritos abrieron sesiones con foco en crisis y v\u00ednculos con Naci\u00f3n"},"content":{"rendered":"<p style=\"text-align: center;\"><em><strong>Mandatarios hicieron hincapi\u00e9 en las dificultades que habr\u00e1 en 2020 por la situaci\u00f3n econ\u00f3mica que atraviesa el pa\u00eds. Adem\u00e1s, se mostraron optimistas respecto a la relaci\u00f3n con Alberto Fern\u00e1ndez<\/strong><\/em><\/p>\n<p>&nbsp;<\/p>\n<p>&nbsp;<\/p>\n<p>En sinton\u00eda con el discurso de Alberto Fern\u00e1ndez en el Congreso Nacional, un lote de diez gobernadores y el jefe de Gobierno porte\u00f1o Horacio Rodr\u00edguez Larreta abrieron hoylas sesiones ordinarias ante sus respectivas asambleas legislativas. En una jornada de escasos anuncios, hubo dos ejes que atravesaron la decena de distritos: referencias a la crisis econ\u00f3mica y las dificultades para este 2020; y el v\u00ednculo con el Gobierno nacional en clave optimista. Ma\u00f1ana completar\u00e1n la tanda de aperturas legislativas de marzo el bonaerense Axel Kicillof y el chubutense Mariano Arcioni.<\/p>\n<p>Ayer debutaron en estos menesteres Arabela Carreras (R\u00edo Negro), Gustavo Melella (Tierra del Fuego), Ricardo Quintela (La Rioja) y Sergio Ziliotto (La Pampa). En tanto, Jorge Capitanich volvi\u00f3 a dar un discurso ante los legisladores tras cuatro a\u00f1os fuera de la gobernaci\u00f3n de Chaco. Entre quienes tienen m\u00e1s aperturas de sesiones en el lomo: los peronistas Juan Manzur (Tucum\u00e1n), Alicia Kirchner (Santa Cruz), Gildo Insfr\u00e1n (Formosa), el radical Gustavo Vald\u00e9s (Corrientes) y Omar Guti\u00e9rrez (Neuqu\u00e9n), del partido provincial MPN.<\/p>\n<p>&nbsp;<\/p>\n<p><strong>Proyectos<\/strong><\/p>\n<p>La confirmaci\u00f3n de Capitanich de que buscar\u00e1 la reforma de la Constituci\u00f3n chaque\u00f1a y los 20 proyectos de ley que elev\u00f3 el neuquino Omar Guti\u00e9rrez aparecen entre los puntos destacados de las aperturas legislativas provinciales de ayer.<\/p>\n<p>\u201cUna reforma constitucional austera, concreta, con amplio consenso pol\u00edtico, econ\u00f3mico y social e inspirada en los mejores ideales\u201d, afirm\u00f3 Capitanich, adelantando que pedir\u00e1 la declaraci\u00f3n de la necesidad de la Reforma para convocar a la Convenci\u00f3n Constituyente despu\u00e9s de 30 d\u00edas. La reforma propone, entre otras cosas, el fin de las reelecciones indefinidas para todos los cargos electivos, la regulaci\u00f3n de la fecha de elecciones, la reforma del Tribunal Electoral. Tambi\u00e9n anunci\u00f3 una ley descentralizaci\u00f3n de funciones, fundamentalmente en educaci\u00f3n, salud, justicia y seguridad; la reforma de la ley de administraci\u00f3n financiera y control de gesti\u00f3n; y una nueva ley de contabilidad patrimonial del sector p\u00fablico.<\/p>\n<p>Guti\u00e9rrez, en tanto, present\u00f3 20 proyectos de ley y llam\u00f3 al gremio docente \u201ca mantener el di\u00e1logo\u201d ante la medida de fuerza que impedir\u00e1 el inicio de clases, al fracasar la paritaria docente provincial. Entre las iniciativas, destac\u00f3 la de incentivo ganadero con l\u00edneas de promoci\u00f3n e inversiones destinadas al sector, el sostenimiento de un fondo de $1.300 millones en cr\u00e9ditos a tasa subsidiada a trav\u00e9s del Banco de la Provincia (BPN) y beneficios tributarios a inversores en la zona franca de la ciudad de Zapala. Asimismo, se refiri\u00f3 a la merma en la producci\u00f3n en Vaca Muerta: \u201cAguardamos que mejores las condiciones de la macroeconom\u00eda que permitan a los inversores tomar decisiones para seguir invirtiendo\u201d. Y, en ese sentido, pidi\u00f3 replicar en el sector hidrocarbur\u00edfero el modelo que Chile utiliza para el desarrollo del cobre.<\/p>\n<p>&nbsp;<\/p>\n<p><strong>Mirada nacional<\/strong><\/p>\n<p>Los mandatarios peronistas mostraron su confianza hacia la gesti\u00f3n de Alberto Fern\u00e1ndez, con cr\u00edticas a la administraci\u00f3n saliente de Cambiemos. El formose\u00f1o Insfr\u00e1n pidi\u00f3 \u201ctener memoria aunque no rencor\u201d para decirle \u201cnunca m\u00e1s a las pol\u00edticas de hambre, exclusi\u00f3n y miseria heredadas\u201d. Y consider\u00f3 \u201cque el mayor desaf\u00edo de la actual gesti\u00f3n nacional es estar a la altura de la esperanza que el pueblo argentino deposit\u00f3 en las urnas\u201d.<\/p>\n<p>En la misma l\u00ednea, el tucumano Manzur cuestion\u00f3 a Mauricio Macri por la \u201cprofunda recesi\u00f3n\u201d. \u201cA partir de diciembre, un nuevo momento pol\u00edtico se puso en marcha. La tarea de reconstruir al pa\u00eds no ser\u00e1 f\u00e1cil, pero con un trabajo coordinado se pueden tener consecuencias positivas en el mediano y largo plazo\u201d, agreg\u00f3.<\/p>\n<p>En Santa Cruz, Alicia Kirchner resalt\u00f3 el ordenamiento en las cuentas provinciales. \u201cHemos crecido a pesar del desorden administrativo, la falta de recursos y apoyo que encontramos cuando iniciamos la gesti\u00f3n\u201d, dijo. La mandataria tambi\u00e9n asegur\u00f3 que \u201ccontin\u00faa el apoyo de Naci\u00f3n para desarrollar la usina termoel\u00e9ctrica de R\u00edo Turbio\u201d.<\/p>\n<p>Adem\u00e1s de Rodr\u00edguez Larreta, el otro opositor que abri\u00f3 sesiones fue el correntino Vald\u00e9s, quien breg\u00f3 por \u201cconstruir una nueva relaci\u00f3n, madura, institucional y beneficiosa\u201d con el Gobierno nacional. Vald\u00e9s destac\u00f3 que Corrientes es una de las provincias menos endeuda y aclar\u00f3 que en materia de obras har\u00e1 \u201cfoco en cerrar el primer anillo provincial de fibra \u00f3ptica\u201d, un desarrollo de 420 kil\u00f3metros en marcha que conectar\u00e1 23 localidades.<\/p>\n<p>&nbsp;<\/p>\n<p><strong>Provinciales<\/strong><\/p>\n<p>Adem\u00e1s de Guti\u00e9rrez, otros dos mandatarios de sellos locales corrieron el tel\u00f3n del a\u00f1o legislativo: Carreras (Juntos Somos R\u00edo Negro) y el fueguino Melella (FORJA).<\/p>\n<p>La primera reafirm\u00f3 el proceso de continuidad con su antecesor Alberto Weretilneck. La gobernadora Carreras plante\u00f3 que en R\u00edo Negro se har\u00e1 una cobertura directa a los menores de 16 a\u00f1os que no est\u00e9n comprendidos dentro del programa \u201cArgentina contra el hambre\u201d dispuesto por el gobierno nacional. Adem\u00e1s, asegur\u00f3 que se desarrollar\u00e1n pol\u00edticas para controlar el delito y adelant\u00f3 que \u201cviene una etapa de controles muy fuertes en las rutas\u201d.<\/p>\n<p>En contrario, Melella fue cr\u00edtico con la administraci\u00f3n de su antecesora en la gobernaci\u00f3n de Tierra del Fuego, la actual diputada Rosana Bertone. En ese sentido, revel\u00f3 haber recibido la provincia con una deuda de $6700 millones a lo que hay que sumarle \u201cun d\u00e9ficit de $700 millones de la Caja Jubilatoria y otro de $1300 millones de la Obra Social estatal\u201d.<\/p>\n<p>De todos modos, volvi\u00f3 a reflejar su cercan\u00eda con el Frente de Todos. \u201cNecesitamos que Argentina salga de la actual situaci\u00f3n, que se recupere el consumo y que vuelva el cr\u00e9dito. Confiamos en que el nuevo rumbo econ\u00f3mico traer\u00e1 progreso\u201d, insisti\u00f3 el gobernador.<\/p>\n<p>&nbsp;<\/p>\n<p><strong>Tard\u00edos<\/strong><\/p>\n<p>A la tarde noche cerraron el domingo de aperturas los justicialistas Ziliotto (La Pampa) y Quintela (La Rioja).<\/p>\n<p>El pampeano anunci\u00f3 cr\u00e9ditos blandos por $2.500 millones con foco en la reactivaci\u00f3n de las Pymes, y la construcci\u00f3n de unas mil viviendas sociales.<\/p>\n<p>Mientras que Quintela, pasadas las 20, inici\u00f3 su discurso con fuertes cr\u00edticas a Macri, a quien culp\u00f3 de dejar \u201cuna tierra arrasada\u201d. El riojano hizo hincapi\u00e9 en pol\u00edticas de contenci\u00f3n, como subsidio de tarifas, promociones con el banco provincial, el pago de un bono a estatales y de sumas extra en la tarjeta social para sectores de menos recursos.<\/p>\n","protected":false},"excerpt":{"rendered":"<p>Mandatarios hicieron hincapi\u00e9 en las dificultades que habr\u00e1 en 2020 por la situaci\u00f3n econ\u00f3mica que atraviesa el pa\u00eds. Adem\u00e1s, se mostraron optimistas respecto a la relaci\u00f3n con Alberto Fern\u00e1ndez &nbsp; &nbsp; En sinton\u00eda con el discurso de Alberto Fern\u00e1ndez en el Congreso Nacional, un lote de diez gobernadores y el jefe de Gobierno porte\u00f1o Horacio Rodr\u00edguez Larreta abrieron hoylas sesiones ordinarias ante sus respectivas asambleas legislativas. En una jornada de escasos anuncios, hubo dos ejes que atravesaron la decena de distritos: referencias a la crisis econ\u00f3mica y las dificultades para&#8230;<\/p>\n","protected":false},"author":3,"featured_media":58385,"comment_status":"closed","ping_status":"closed","sticky":false,"template":"","format":"standard","meta":[],"categories":[2],"tags":[],"_links":{"self":[{"href":"https:\/\/www.actualidadadiario.com\/index.php\/wp-json\/wp\/v2\/posts\/58384"}],"collection":[{"href":"https:\/\/www.actualidadadiario.com\/index.php\/wp-json\/wp\/v2\/posts"}],"about":[{"href":"https:\/\/www.actualidadadiario.com\/index.php\/wp-json\/wp\/v2\/types\/post"}],"author":[{"embeddable":true,"href":"https:\/\/www.actualidadadiario.com\/index.php\/wp-json\/wp\/v2\/users\/3"}],"replies":[{"embeddable":true,"href":"https:\/\/www.actualidadadiario.com\/index.php\/wp-json\/wp\/v2\/comments?post=58384"}],"version-history":[{"count":1,"href":"https:\/\/www.actualidadadiario.com\/index.php\/wp-json\/wp\/v2\/posts\/58384\/revisions"}],"predecessor-version":[{"id":58386,"href":"https:\/\/www.actualidadadiario.com\/index.php\/wp-json\/wp\/v2\/posts\/58384\/revisions\/58386"}],"wp:featuredmedia":[{"embeddable":true,"href":"https:\/\/www.actualidadadiario.com\/index.php\/wp-json\/wp\/v2\/media\/58385"}],"wp:attachment":[{"href":"https:\/\/www.actualidadadiario.com\/index.php\/wp-json\/wp\/v2\/media?parent=58384"}],"wp:term":[{"taxonomy":"category","embeddable":true,"href":"https:\/\/www.actualidadadiario.com\/index.php\/wp-json\/wp\/v2\/categories?post=58384"},{"taxonomy":"post_tag","embeddable":true,"href":"https:\/\/www.actualidadadiario.com\/index.php\/wp-json\/wp\/v2\/tags?post=58384"}],"curies":[{"name":"wp","href":"https:\/\/api.w.org\/{rel}","templated":true}]}}