{"id":58380,"date":"2020-03-02T10:40:33","date_gmt":"2020-03-02T13:40:33","guid":{"rendered":"https:\/\/www.actualidadadiario.com\/?p=58380"},"modified":"2020-03-02T10:40:33","modified_gmt":"2020-03-02T13:40:33","slug":"el-consumo-de-productos-de-la-canasta-basica-registro-un-repunte-en-febrero","status":"publish","type":"post","link":"https:\/\/www.actualidadadiario.com\/index.php\/2020\/03\/02\/el-consumo-de-productos-de-la-canasta-basica-registro-un-repunte-en-febrero\/","title":{"rendered":"El consumo de productos de la canasta b\u00e1sica registr\u00f3 un repunte en febrero"},"content":{"rendered":"<p style=\"text-align: center;\"><em><strong>Impulsado por la tarjeta alimentaria y el programa de Precios Cuidados, el consumo masivo de la canasta b\u00e1sica mejor\u00f3 en febrero respecto de enero \u00faltimo, fen\u00f3meno que se observ\u00f3 tanto en las grandes cadenas de hipermercados como en los supermercados provinciales y comercios de cercan\u00eda<\/strong><\/em><\/p>\n<p>&nbsp;<\/p>\n<p>Aunque no se refieren a porcentajes espec\u00edficos porque febrero acaba de cerrar comercialmente, todos los actores coinciden en que las ventas de productos de la canasta b\u00e1sica fueron claramente superiores en febrero respecto del primer mes del a\u00f1o. La tendencia hab\u00eda sido adelantada por este diario, cuando los propios &#8220;players&#8221; hab\u00eda se\u00f1alado la importancia de la tarjeta alimentaria, muy especialmente en el Conurbano bonaerense y en Rosario.<\/p>\n<p>El titular de la entidad que nuclea a los supermercados de Rosario, Sergio L\u00f3pez, expres\u00f3 que &#8220;la suba del consumo fue notable y se not\u00f3 claramente la influencia de la tarjeta alimentaria y todos los planes de promoci\u00f3n de precios&#8221;. Fuentes de Wal Mart adelantaron que &#8220;la comercializaci\u00f3n de productos b\u00e1sicos de almac\u00e9n fue mucho mejor en febrero, y en esta ecuaci\u00f3n entran la tarjeta alimentaria y Precios Cuidados&#8221;.<\/p>\n<p>En el caso del pl\u00e1stico otorgado por el Ministerio de Desarrollo Social, tiene una incidencia alta en &#8220;algunas sucursales del Gran Buenos Aires, en los d\u00edas de cobro, que han tenido un 35 por ciento de aumento en las ventas en ese d\u00eda&#8221;, detallaron.<\/p>\n<p>L\u00f3pez apunt\u00f3 que mientras la clase media consume igual que en diciembre, &#8220;los sectores m\u00e1s vulnerables alcanzados por la tarjeta son los que empujan las ventas y eso se nota desde el almac\u00e9n, pasando por el supermercado hasta los hipermercados, aunque en menor medida&#8221;.<\/p>\n<p>Desde la Confederaci\u00f3n General Almacenera, presidida por Fernando Savore, tambi\u00e9n destacaron el movimiento de ventas generado por la aparici\u00f3n de la tarjeta alimentaria en la Argentina.<\/p>\n<p>El incremento en el consumo masivo tiene relaci\u00f3n directa con que los pl\u00e1sticos ya fueron repartidos en 24 municipios bonaerenses, donde se concentra la mayor\u00eda de los beneficiarios. Dicho plan contempla fondos por $2.800 millones, de los cuales $1.800 millones corresponden a los 24 partidos del Conurbano. La ciudad m\u00e1s pobre del pa\u00eds, Concordia (Entre R\u00edos), fue el primer punto donde se entreg\u00f3 el pl\u00e1stico en diciembre pasado.<\/p>\n<p>En cuanto a Precios Cuidados, la nueva canasta cuenta con 158 productos menos que la versi\u00f3n macrista pero &#8220;es m\u00e1s representativa del consumo de los hogares&#8221;, explicaron otras fuentes, al tiempo que confirmaron que la participaci\u00f3n en la facturaci\u00f3n de los supermercados pas\u00f3 de 3,5% a 9%. Tambi\u00e9n se observa que los productos incluidos en el programa muestran en su mayor\u00eda un aumento de sus ventas. Las cantidades vendidas se incrementaron en promedio 14% con picos de hasta 207%.<\/p>\n","protected":false},"excerpt":{"rendered":"<p>Impulsado por la tarjeta alimentaria y el programa de Precios Cuidados, el consumo masivo de la canasta b\u00e1sica mejor\u00f3 en febrero respecto de enero \u00faltimo, fen\u00f3meno que se observ\u00f3 tanto en las grandes cadenas de hipermercados como en los supermercados provinciales y comercios de cercan\u00eda &nbsp; Aunque no se refieren a porcentajes espec\u00edficos porque febrero acaba de cerrar comercialmente, todos los actores coinciden en que las ventas de productos de la canasta b\u00e1sica fueron claramente superiores en febrero respecto del primer mes del a\u00f1o. La tendencia hab\u00eda sido adelantada por&#8230;<\/p>\n","protected":false},"author":3,"featured_media":55744,"comment_status":"closed","ping_status":"closed","sticky":false,"template":"","format":"standard","meta":[],"categories":[2],"tags":[],"_links":{"self":[{"href":"https:\/\/www.actualidadadiario.com\/index.php\/wp-json\/wp\/v2\/posts\/58380"}],"collection":[{"href":"https:\/\/www.actualidadadiario.com\/index.php\/wp-json\/wp\/v2\/posts"}],"about":[{"href":"https:\/\/www.actualidadadiario.com\/index.php\/wp-json\/wp\/v2\/types\/post"}],"author":[{"embeddable":true,"href":"https:\/\/www.actualidadadiario.com\/index.php\/wp-json\/wp\/v2\/users\/3"}],"replies":[{"embeddable":true,"href":"https:\/\/www.actualidadadiario.com\/index.php\/wp-json\/wp\/v2\/comments?post=58380"}],"version-history":[{"count":1,"href":"https:\/\/www.actualidadadiario.com\/index.php\/wp-json\/wp\/v2\/posts\/58380\/revisions"}],"predecessor-version":[{"id":58381,"href":"https:\/\/www.actualidadadiario.com\/index.php\/wp-json\/wp\/v2\/posts\/58380\/revisions\/58381"}],"wp:featuredmedia":[{"embeddable":true,"href":"https:\/\/www.actualidadadiario.com\/index.php\/wp-json\/wp\/v2\/media\/55744"}],"wp:attachment":[{"href":"https:\/\/www.actualidadadiario.com\/index.php\/wp-json\/wp\/v2\/media?parent=58380"}],"wp:term":[{"taxonomy":"category","embeddable":true,"href":"https:\/\/www.actualidadadiario.com\/index.php\/wp-json\/wp\/v2\/categories?post=58380"},{"taxonomy":"post_tag","embeddable":true,"href":"https:\/\/www.actualidadadiario.com\/index.php\/wp-json\/wp\/v2\/tags?post=58380"}],"curies":[{"name":"wp","href":"https:\/\/api.w.org\/{rel}","templated":true}]}}