{"id":58377,"date":"2020-03-02T10:39:44","date_gmt":"2020-03-02T13:39:44","guid":{"rendered":"https:\/\/www.actualidadadiario.com\/?p=58377"},"modified":"2020-03-02T10:39:44","modified_gmt":"2020-03-02T13:39:44","slug":"el-ciclo-lectivo-2020-comienza-hoy-en-la-mayoria-de-las-provincias","status":"publish","type":"post","link":"https:\/\/www.actualidadadiario.com\/index.php\/2020\/03\/02\/el-ciclo-lectivo-2020-comienza-hoy-en-la-mayoria-de-las-provincias\/","title":{"rendered":"El ciclo lectivo 2020 comienza hoy en la mayor\u00eda de las provincias"},"content":{"rendered":"<p style=\"text-align: center;\"><em><strong>En al menos cuatro distritos del pa\u00eds, el inicio del ciclo lectivo se ver\u00e1 postergado por paros de los gremios docentes<\/strong><\/em><\/p>\n<p>&nbsp;<\/p>\n<p>&nbsp;<\/p>\n<p>En la mayor\u00eda de las provincias del pa\u00eds, el ciclo lectivo 2020 comienza este lunes. Sin embargo, el inicio de las clases se ver\u00e1 postergado en al menos cuatro de ellas por medidas de fuerza de los gremios docentes. En gran parte de los distritos, los paros son por 24 o 48 horas. Las protestas fueron convocadas por el congelamiento del presupuesto y el ajuste salarial.<\/p>\n<p>Hasta el domingo, el retorno a las aulas se ve\u00eda afectado en doce distritos del pa\u00eds por medidas de fuerza de los sindicatos de la educaci\u00f3n. Santa Cruz, Chubut y Tucum\u00e1n figuraban en el listado de las provincias manifestantes. Sin embargo, en las \u00faltimas horas las autoridades locales dictaron la conciliaci\u00f3n obligatoria para poder avanzar con el comienzo del a\u00f1o escolar.<\/p>\n<p>En territorio bonaerense, la mayor\u00eda de los gremios que integran el Frente de Unidad Docente de Buenos Aires aceptaron la oferta salarial del gobernador Axel Kicillof. La propuesta no fue acompa\u00f1ada por la Federaci\u00f3n de Educadores bonaerense (FEB) ni por la Uni\u00f3n de Docentes de la Provincia de Buenos Aires (Udocba). A pesar de este rechazo, el inicio de clases est\u00e1 garantizado en esta provincia.<\/p>\n<p>&nbsp;<\/p>\n<p><strong>Inicio del ciclo lectivo entre paros docentes<\/strong><\/p>\n<p>La situaci\u00f3n fue otra en la Ciudad de Buenos Aires, ya que el Gobierno de Horacio Rodr\u00edguez Larreta no lleg\u00f3 a un acuerdo con los docentes en las paritarias. Es por esto que Alternativa Docente y Ademys parar\u00e1n hoy en la Capital Federal y marchar\u00e1n a las 12.00 a la sede del Ministerio de Educaci\u00f3n de la Naci\u00f3n. \u201cParamos en rechazo al feroz ajuste en los salarios docentes y al congelamiento del presupuesto\u201d, explic\u00f3 la dirigente Andrea Lanzette.<\/p>\n<p>Los docentes estatales Santa Fe y de Neuqu\u00e9n tambi\u00e9n rechazaron los ofrecimientos de las administraciones provinciales y anunciaron un paro por 48 horas. Los primeros anticiparon que el 11 y el 12 volver\u00e1n a las calles en caso \u201cde no haber una nueva propuesta salarial a discutir\u201d. Los segundos tambi\u00e9n convocaron a nuevas medidas de fuerza, en este caso, para el 9 y el 10.<\/p>\n<p>En la provincia de Jujuy, el Centro de Docentes de Ense\u00f1anza Media y Superior (Cedems) y la Asociaci\u00f3n de Educadores Provinciales (Adep) se sumar\u00e1n a las protestas de hoy. El plan de lucha de los gremios fue organizado ante la ausencia de paritarias provinciales. El Gobierno local asegur\u00f3 que la medida de fuerza tendr\u00e1 \u201cbajo acatamiento\u201d.<\/p>\n","protected":false},"excerpt":{"rendered":"<p>En al menos cuatro distritos del pa\u00eds, el inicio del ciclo lectivo se ver\u00e1 postergado por paros de los gremios docentes &nbsp; &nbsp; En la mayor\u00eda de las provincias del pa\u00eds, el ciclo lectivo 2020 comienza este lunes. Sin embargo, el inicio de las clases se ver\u00e1 postergado en al menos cuatro de ellas por medidas de fuerza de los gremios docentes. En gran parte de los distritos, los paros son por 24 o 48 horas. Las protestas fueron convocadas por el congelamiento del presupuesto y el ajuste salarial. Hasta&#8230;<\/p>\n","protected":false},"author":3,"featured_media":58378,"comment_status":"closed","ping_status":"closed","sticky":false,"template":"","format":"standard","meta":[],"categories":[9],"tags":[],"_links":{"self":[{"href":"https:\/\/www.actualidadadiario.com\/index.php\/wp-json\/wp\/v2\/posts\/58377"}],"collection":[{"href":"https:\/\/www.actualidadadiario.com\/index.php\/wp-json\/wp\/v2\/posts"}],"about":[{"href":"https:\/\/www.actualidadadiario.com\/index.php\/wp-json\/wp\/v2\/types\/post"}],"author":[{"embeddable":true,"href":"https:\/\/www.actualidadadiario.com\/index.php\/wp-json\/wp\/v2\/users\/3"}],"replies":[{"embeddable":true,"href":"https:\/\/www.actualidadadiario.com\/index.php\/wp-json\/wp\/v2\/comments?post=58377"}],"version-history":[{"count":1,"href":"https:\/\/www.actualidadadiario.com\/index.php\/wp-json\/wp\/v2\/posts\/58377\/revisions"}],"predecessor-version":[{"id":58379,"href":"https:\/\/www.actualidadadiario.com\/index.php\/wp-json\/wp\/v2\/posts\/58377\/revisions\/58379"}],"wp:featuredmedia":[{"embeddable":true,"href":"https:\/\/www.actualidadadiario.com\/index.php\/wp-json\/wp\/v2\/media\/58378"}],"wp:attachment":[{"href":"https:\/\/www.actualidadadiario.com\/index.php\/wp-json\/wp\/v2\/media?parent=58377"}],"wp:term":[{"taxonomy":"category","embeddable":true,"href":"https:\/\/www.actualidadadiario.com\/index.php\/wp-json\/wp\/v2\/categories?post=58377"},{"taxonomy":"post_tag","embeddable":true,"href":"https:\/\/www.actualidadadiario.com\/index.php\/wp-json\/wp\/v2\/tags?post=58377"}],"curies":[{"name":"wp","href":"https:\/\/api.w.org\/{rel}","templated":true}]}}