{"id":58374,"date":"2020-03-02T10:38:43","date_gmt":"2020-03-02T13:38:43","guid":{"rendered":"https:\/\/www.actualidadadiario.com\/?p=58374"},"modified":"2020-03-02T10:38:43","modified_gmt":"2020-03-02T13:38:43","slug":"bordet-confirmo-que-se-descontaran-los-dias-de-paro-docente","status":"publish","type":"post","link":"https:\/\/www.actualidadadiario.com\/index.php\/2020\/03\/02\/bordet-confirmo-que-se-descontaran-los-dias-de-paro-docente\/","title":{"rendered":"Bordet confirm\u00f3 que se descontar\u00e1n los d\u00edas de paro docente"},"content":{"rendered":"<p style=\"text-align: center;\"><strong><em>&#8220;Las escuelas privadas iniciaron las clases y los sueldos a los docentes son los mismos que en las p\u00fablicas&#8221;, apunt\u00f3 el gobernador. &#8220;No hay ning\u00fan motivo para tomar medidas de fuerza&#8221;, sentenci\u00f3<\/em><\/strong><\/p>\n<p>&nbsp;<\/p>\n<p>&nbsp;<\/p>\n<p>&#8220;Garantizamos el derecho de huelga, pero a los d\u00edas no trabajados, los vamos a descontar&#8221;, confirm\u00f3 el gobernador Gustavo Bordet al dejar inaugurado el ciclo lectivo 2020 en la localidad de Segu\u00ed.<\/p>\n<p>Es que Agmer convoc\u00f3 a un paro de 72 horas a partir de este lunes, con lo cual, el comienzo de clases depend\u00eda de la adhesi\u00f3n de cada instituci\u00f3n y de los docentes, a la medida de fuerza gremial.<\/p>\n<p>&#8220;En los cinco a\u00f1os que llevo de gobernador, siempre se interrumpi\u00f3 el inicio de clases por alguna medida de fuerza&#8221;, apunt\u00f3, al tiempo que remarc\u00f3: &#8220;No hay ning\u00fan motivo para que se interrumpa el inicio del ciclo lectivo, porque este gobierno dio acabadas muestras de cumplimiento&#8221;.<\/p>\n<p>Respecto de la huelga docente, el gobernador encomend\u00f3 que ser\u00e1 &#8220;una metodolog\u00eda a replantear&#8221;. &#8220;No hay ning\u00fan motivo para tomar medidas de fuerza, y m\u00e1s de tanto tiempo, porque esto afecta a nuestros chicos en las escuelas; las privadas iniciaron normalmente porque Sadop no adhiri\u00f3 al paro y los sueldos que se pagan en las escuelas privadas son las mismas que las p\u00fablicas&#8221;, remarc\u00f3.<\/p>\n<p>&#8220;Hay que poner por encima de todo a nuestros los alumnos, y despu\u00e9s, ponernos de acuerdo, como siempre lo hemos hecho&#8221;, encomend\u00f3.<\/p>\n<p>&#8220;Resulta sorprendente (el paro docente) porque nosotros cumplimos, con nuestra palabra: dimos un aumento anualizado del 57,2% que fue por encima de la inflaci\u00f3n, estamos cumpliendo con el pago de los haberes, y cumplimos con tener la paritaria abierta a partir de este viernes comenzaremos a reunirnos para ver c\u00f3mo avanzamos en una negociaci\u00f3n salarial&#8221;, detall\u00f3.<\/p>\n<p>&#8220;Si uno entiende el contexto de la provincia dentro del pa\u00eds, es muy complejo, porque el a\u00f1o pasado tuvimos una recesi\u00f3n brutal por las pol\u00edticas aplicadas por Macri y que dej\u00f3 devastadas las cuentas fiscales de las provincias&#8221;, explic\u00f3.<\/p>\n<p>&#8220;Los salarios en Entre R\u00edos est\u00e1n por encima de la inflaci\u00f3n. Hay que cuidar los recursos que son de todos los entrerrianos&#8221;, sentenci\u00f3.<\/p>\n","protected":false},"excerpt":{"rendered":"<p>&#8220;Las escuelas privadas iniciaron las clases y los sueldos a los docentes son los mismos que en las p\u00fablicas&#8221;, apunt\u00f3 el gobernador. &#8220;No hay ning\u00fan motivo para tomar medidas de fuerza&#8221;, sentenci\u00f3 &nbsp; &nbsp; &#8220;Garantizamos el derecho de huelga, pero a los d\u00edas no trabajados, los vamos a descontar&#8221;, confirm\u00f3 el gobernador Gustavo Bordet al dejar inaugurado el ciclo lectivo 2020 en la localidad de Segu\u00ed. Es que Agmer convoc\u00f3 a un paro de 72 horas a partir de este lunes, con lo cual, el comienzo de clases depend\u00eda de&#8230;<\/p>\n","protected":false},"author":3,"featured_media":58375,"comment_status":"closed","ping_status":"closed","sticky":false,"template":"","format":"standard","meta":[],"categories":[15],"tags":[],"_links":{"self":[{"href":"https:\/\/www.actualidadadiario.com\/index.php\/wp-json\/wp\/v2\/posts\/58374"}],"collection":[{"href":"https:\/\/www.actualidadadiario.com\/index.php\/wp-json\/wp\/v2\/posts"}],"about":[{"href":"https:\/\/www.actualidadadiario.com\/index.php\/wp-json\/wp\/v2\/types\/post"}],"author":[{"embeddable":true,"href":"https:\/\/www.actualidadadiario.com\/index.php\/wp-json\/wp\/v2\/users\/3"}],"replies":[{"embeddable":true,"href":"https:\/\/www.actualidadadiario.com\/index.php\/wp-json\/wp\/v2\/comments?post=58374"}],"version-history":[{"count":1,"href":"https:\/\/www.actualidadadiario.com\/index.php\/wp-json\/wp\/v2\/posts\/58374\/revisions"}],"predecessor-version":[{"id":58376,"href":"https:\/\/www.actualidadadiario.com\/index.php\/wp-json\/wp\/v2\/posts\/58374\/revisions\/58376"}],"wp:featuredmedia":[{"embeddable":true,"href":"https:\/\/www.actualidadadiario.com\/index.php\/wp-json\/wp\/v2\/media\/58375"}],"wp:attachment":[{"href":"https:\/\/www.actualidadadiario.com\/index.php\/wp-json\/wp\/v2\/media?parent=58374"}],"wp:term":[{"taxonomy":"category","embeddable":true,"href":"https:\/\/www.actualidadadiario.com\/index.php\/wp-json\/wp\/v2\/categories?post=58374"},{"taxonomy":"post_tag","embeddable":true,"href":"https:\/\/www.actualidadadiario.com\/index.php\/wp-json\/wp\/v2\/tags?post=58374"}],"curies":[{"name":"wp","href":"https:\/\/api.w.org\/{rel}","templated":true}]}}