{"id":58371,"date":"2020-03-02T10:34:42","date_gmt":"2020-03-02T13:34:42","guid":{"rendered":"https:\/\/www.actualidadadiario.com\/?p=58371"},"modified":"2020-03-02T10:37:34","modified_gmt":"2020-03-02T13:37:34","slug":"osuna-celebro-el-discurso-del-presidente-estamos-construyendo-una-argentina-con-nuevas-prioridades","status":"publish","type":"post","link":"https:\/\/www.actualidadadiario.com\/index.php\/2020\/03\/02\/osuna-celebro-el-discurso-del-presidente-estamos-construyendo-una-argentina-con-nuevas-prioridades\/","title":{"rendered":"Osuna celebr\u00f3 el discurso del Presidente: \u201cEstamos construyendo una Argentina con nuevas prioridades\u201d"},"content":{"rendered":"<p style=\"text-align: center;\"><em><strong>Luego del discurso del presidente de la Naci\u00f3n Alberto Fern\u00e1ndez, al inaugurar el per\u00edodo 138\u00ba de sesiones ordinarias en el Congreso, la diputada nacional Blanca Osuna asegur\u00f3 que \u201cha sido un mensaje muy coherente y que nos brinda certezas a todos los argentinos de c\u00f3mo estamos construyendo un Estado presente y m\u00e1s federal\u201d<\/strong><\/em><\/p>\n<p>&nbsp;<\/p>\n<p>&nbsp;<\/p>\n<p>En ese sentido, la legisladora del Frente de Todos por la Provincia de Entre R\u00edos, afirm\u00f3 que \u201cel presidente brind\u00f3 una propuesta s\u00f3lida, con un discurso que propone un cambio de mirada en los mensajes presidenciales de los \u00faltimos cuatro a\u00f1os y que define prioridades con la gente adentro\u201d.<\/p>\n<p>\u201cA trav\u00e9s de un mensaje claro que busca generar una sociedad m\u00e1s justa y equitativa, Alberto hoy\u00a0 ha dado una serie de definiciones fundamentales en lo que es la agenda del futuro, promoviendo la extensi\u00f3n de derechos y el ejercicio de la soberan\u00eda nacional\u201d, recalc\u00f3 la legisladora.<\/p>\n<p>Asimismo, Blanca Osuna asever\u00f3 que \u201cel presidente dio mensajes sinceros y precisos sobre c\u00f3mo volveremos a poner a la Argentina de pie\u201d; y destac\u00f3 que \u201cdesde que Alberto Fern\u00e1ndez asumi\u00f3, con acciones puntuales est\u00e1 honrando el contrato electoral y volviendo a poner en valor a la pol\u00edtica\u201d.<\/p>\n<p>Adem\u00e1s, Osuna destac\u00f3 que \u201cel presidente de todos los argentinos dej\u00f3 en claro lo importante que ser\u00e1 nuestra labor parlamentaria en post de trabajar en leyes concretas que permitan\u00a0 disminuir la pobreza, en poder generar empleo digno, en renegociar la enorme deuda que contrajo el gobierno anterior y en la necesidad de ahondar en pol\u00edticas ser\u00edas y concretas en cuestiones de g\u00e9nero, entre otras prioridades\u201d<\/p>\n<p>\u201cEs vital que todos los argentinos puedan recuperar tantos derechos que hab\u00edan sido obturados durante los \u00faltimos cuatro a\u00f1os y como dijo nuestro presidente, no vamos a pagar la deuda a costa del sufrimiento del pueblo\u201d, destac\u00f3 luego del discurso de Fern\u00e1ndez la legisladora entrerriana.<\/p>\n<p>\u201cPara ello, creemos imprescindible seguir trabajando en la misma l\u00ednea, para fortalecer la Democracia y los Derechos Humanos, para que nuestras Pymes vuelvan a ser lo que fueron y para que la salud, la ciencia y la tecnolog\u00eda sean un derecho de todos y todas\u201d, finaliz\u00f3 la diputada.<\/p>\n","protected":false},"excerpt":{"rendered":"<p>Luego del discurso del presidente de la Naci\u00f3n Alberto Fern\u00e1ndez, al inaugurar el per\u00edodo 138\u00ba de sesiones ordinarias en el Congreso, la diputada nacional Blanca Osuna asegur\u00f3 que \u201cha sido un mensaje muy coherente y que nos brinda certezas a todos los argentinos de c\u00f3mo estamos construyendo un Estado presente y m\u00e1s federal\u201d &nbsp; &nbsp; En ese sentido, la legisladora del Frente de Todos por la Provincia de Entre R\u00edos, afirm\u00f3 que \u201cel presidente brind\u00f3 una propuesta s\u00f3lida, con un discurso que propone un cambio de mirada en los mensajes&#8230;<\/p>\n","protected":false},"author":3,"featured_media":58372,"comment_status":"closed","ping_status":"closed","sticky":false,"template":"","format":"standard","meta":[],"categories":[15],"tags":[],"_links":{"self":[{"href":"https:\/\/www.actualidadadiario.com\/index.php\/wp-json\/wp\/v2\/posts\/58371"}],"collection":[{"href":"https:\/\/www.actualidadadiario.com\/index.php\/wp-json\/wp\/v2\/posts"}],"about":[{"href":"https:\/\/www.actualidadadiario.com\/index.php\/wp-json\/wp\/v2\/types\/post"}],"author":[{"embeddable":true,"href":"https:\/\/www.actualidadadiario.com\/index.php\/wp-json\/wp\/v2\/users\/3"}],"replies":[{"embeddable":true,"href":"https:\/\/www.actualidadadiario.com\/index.php\/wp-json\/wp\/v2\/comments?post=58371"}],"version-history":[{"count":1,"href":"https:\/\/www.actualidadadiario.com\/index.php\/wp-json\/wp\/v2\/posts\/58371\/revisions"}],"predecessor-version":[{"id":58373,"href":"https:\/\/www.actualidadadiario.com\/index.php\/wp-json\/wp\/v2\/posts\/58371\/revisions\/58373"}],"wp:featuredmedia":[{"embeddable":true,"href":"https:\/\/www.actualidadadiario.com\/index.php\/wp-json\/wp\/v2\/media\/58372"}],"wp:attachment":[{"href":"https:\/\/www.actualidadadiario.com\/index.php\/wp-json\/wp\/v2\/media?parent=58371"}],"wp:term":[{"taxonomy":"category","embeddable":true,"href":"https:\/\/www.actualidadadiario.com\/index.php\/wp-json\/wp\/v2\/categories?post=58371"},{"taxonomy":"post_tag","embeddable":true,"href":"https:\/\/www.actualidadadiario.com\/index.php\/wp-json\/wp\/v2\/tags?post=58371"}],"curies":[{"name":"wp","href":"https:\/\/api.w.org\/{rel}","templated":true}]}}