{"id":58366,"date":"2020-03-02T10:35:47","date_gmt":"2020-03-02T13:35:47","guid":{"rendered":"https:\/\/www.actualidadadiario.com\/?p=58366"},"modified":"2020-03-02T10:35:47","modified_gmt":"2020-03-02T13:35:47","slug":"con-un-trabajo-conjunto-entre-nacion-provincia-y-municipios-finalizo-la-entrega-de-la-tarjeta-alimentar","status":"publish","type":"post","link":"https:\/\/www.actualidadadiario.com\/index.php\/2020\/03\/02\/con-un-trabajo-conjunto-entre-nacion-provincia-y-municipios-finalizo-la-entrega-de-la-tarjeta-alimentar\/","title":{"rendered":"Con un trabajo conjunto entre Naci\u00f3n, provincia y municipios finaliz\u00f3 la entrega de la Tarjeta Alimentar"},"content":{"rendered":"<p style=\"text-align: center;\"><em><strong>\u201cFue excelente el trabajo realizado entre la provincia, los municipios y la Naci\u00f3n para la entrega de las tarjetas Alimentar que concluy\u00f3 el viernes. Ahora comienza el acompa\u00f1amiento integral de las familias para fortalecer una alimentaci\u00f3n adecuada nutricionalmente&#8221;, dijo la ministra Marisa Paira<\/strong><\/em><\/p>\n<p>&nbsp;<\/p>\n<p>&nbsp;<\/p>\n<p>Desde el 17 de febrero y durante ocho d\u00edas, se realizaron 77 operativos que alcanzaron a 144 localidades entrerrianas y se entregaron 32.433 tarjetas.<\/p>\n<p>\u201cEn la provincia, por decisi\u00f3n del gobernador Gustavo Bordet, el Plan Argentina contra el Hambre se llev\u00f3 a cabo a trav\u00e9s de la Mesa Interministerial conformada por Desarrollo Social, Salud, Producci\u00f3n y el Consejo General de Educaci\u00f3n. Esto posibilit\u00f3 garantizar con las diferentes intendencias, juntas de gobierno y comunas que la entrega de las tarjetas a los titulares de derecho abarcara tanto los aspectos nutricionales como el fortalecimiento de la econom\u00eda popular, realizando ferias con productores locales que ofrecieron alimentos frescos\u201d, destac\u00f3 la ministra de Desarrollo Social, Marisa Paira.<\/p>\n<p>A su vez, al evaluar la tarea realizada, la ministra apunt\u00f3: \u201cHubo muy buena recepci\u00f3n por parte de aquellas personas que concurrieron a retirar la tarjeta Alimentar, que es un componente del Plan. Esta pol\u00edtica de Estado busca garantizar el acceso a la canasta b\u00e1sica por parte de las familias en situaci\u00f3n de vulnerabilidad social, con \u00e9nfasis en la primera infancia\u201d.<\/p>\n<p>De igual manera, la titular de la cartera social explic\u00f3 que aquellas personas que recibieron la notificaci\u00f3n de la Administraci\u00f3n Nacional de la Seguridad Social (Anses) y no pudieron concurrir al operativo a buscar su pl\u00e1stico, deber\u00e1n dirigirse a la sucursal del Banco Naci\u00f3n a retirarlo. Y quienes no hayan sido convocados y cuenten con las condiciones para acceder a este instrumento, tendr\u00e1n que acercarse a la sucursal de Anses para realizar las consultas pertinentes.<\/p>\n<p>&nbsp;<\/p>\n<p><strong>Acciones en territorio<\/strong><\/p>\n<p>Esta semana, la ministra recorri\u00f3 los operativos efectuados en la escuela N\u00ba1 Cornelio Saavedra de Feliciano y en el Centro de Convenciones Papa Francisco de Villaguay.<\/p>\n<p>En Feliciano, Paira particip\u00f3 del operativo junto al intendente, Dami\u00e1n Ar\u00e9valo; la senadora Ester Gonz\u00e1lez; la diputada Silvia Moreno; y los presidentes de Juntas de Gobierno y Comunas de Basualdo, San V\u00edctor, Atencio, Cha\u00f1ar, La Verbena y La Hierra.<\/p>\n<p>En tanto, en Villaguay, acompa\u00f1ando a la ministra estuvieron presentes la intendenta Claudia Monjo; el senador Adri\u00e1n Fuertes y el diputado Juan Pablo Cosso; y autoridades de Estaci\u00f3n Ra\u00edces, Ingeniero Sajaroff, Jubileo y Paso de la Laguna. Tambi\u00e9n participaron la directora de Abordaje Territorial, Marta Jacobi; la secretaria de Gobierno, D\u00e9bora Cant\u00f3n Debat; el secretario de Hacienda, Elisandro Van Cauwenberge; y la directora de Desarrollo Humano, Silvia Videla; entre otras autoridades.<\/p>\n<p>En todas las localidades donde se efectuaron operativos, equipos t\u00e9cnicos y trabajadores del Estado entrerriano actuaron de manera articulada para facilitar su realizaci\u00f3n. Adem\u00e1s hubo acompa\u00f1amiento y asesoramiento en charlas y talleres nutricionales.<\/p>\n","protected":false},"excerpt":{"rendered":"<p>\u201cFue excelente el trabajo realizado entre la provincia, los municipios y la Naci\u00f3n para la entrega de las tarjetas Alimentar que concluy\u00f3 el viernes. Ahora comienza el acompa\u00f1amiento integral de las familias para fortalecer una alimentaci\u00f3n adecuada nutricionalmente&#8221;, dijo la ministra Marisa Paira &nbsp; &nbsp; Desde el 17 de febrero y durante ocho d\u00edas, se realizaron 77 operativos que alcanzaron a 144 localidades entrerrianas y se entregaron 32.433 tarjetas. \u201cEn la provincia, por decisi\u00f3n del gobernador Gustavo Bordet, el Plan Argentina contra el Hambre se llev\u00f3 a cabo a trav\u00e9s&#8230;<\/p>\n","protected":false},"author":3,"featured_media":58229,"comment_status":"closed","ping_status":"closed","sticky":false,"template":"","format":"standard","meta":[],"categories":[15],"tags":[],"_links":{"self":[{"href":"https:\/\/www.actualidadadiario.com\/index.php\/wp-json\/wp\/v2\/posts\/58366"}],"collection":[{"href":"https:\/\/www.actualidadadiario.com\/index.php\/wp-json\/wp\/v2\/posts"}],"about":[{"href":"https:\/\/www.actualidadadiario.com\/index.php\/wp-json\/wp\/v2\/types\/post"}],"author":[{"embeddable":true,"href":"https:\/\/www.actualidadadiario.com\/index.php\/wp-json\/wp\/v2\/users\/3"}],"replies":[{"embeddable":true,"href":"https:\/\/www.actualidadadiario.com\/index.php\/wp-json\/wp\/v2\/comments?post=58366"}],"version-history":[{"count":1,"href":"https:\/\/www.actualidadadiario.com\/index.php\/wp-json\/wp\/v2\/posts\/58366\/revisions"}],"predecessor-version":[{"id":58367,"href":"https:\/\/www.actualidadadiario.com\/index.php\/wp-json\/wp\/v2\/posts\/58366\/revisions\/58367"}],"wp:featuredmedia":[{"embeddable":true,"href":"https:\/\/www.actualidadadiario.com\/index.php\/wp-json\/wp\/v2\/media\/58229"}],"wp:attachment":[{"href":"https:\/\/www.actualidadadiario.com\/index.php\/wp-json\/wp\/v2\/media?parent=58366"}],"wp:term":[{"taxonomy":"category","embeddable":true,"href":"https:\/\/www.actualidadadiario.com\/index.php\/wp-json\/wp\/v2\/categories?post=58366"},{"taxonomy":"post_tag","embeddable":true,"href":"https:\/\/www.actualidadadiario.com\/index.php\/wp-json\/wp\/v2\/tags?post=58366"}],"curies":[{"name":"wp","href":"https:\/\/api.w.org\/{rel}","templated":true}]}}