{"id":58364,"date":"2020-03-02T10:34:43","date_gmt":"2020-03-02T13:34:43","guid":{"rendered":"https:\/\/www.actualidadadiario.com\/?p=58364"},"modified":"2020-03-02T10:34:43","modified_gmt":"2020-03-02T13:34:43","slug":"inicio-con-paro-el-ciclo-lectivo-en-entre-rios","status":"publish","type":"post","link":"https:\/\/www.actualidadadiario.com\/index.php\/2020\/03\/02\/inicio-con-paro-el-ciclo-lectivo-en-entre-rios\/","title":{"rendered":"Inici\u00f3 con paro el ciclo lectivo en Entre R\u00edos"},"content":{"rendered":"<p style=\"text-align: center;\"><em><strong>Los gremios docentes Agmer y AMET llamaron a un paro de 72 horas a partir de este lunes 2 de marzo, ante la falta de convocatoria a las negociaciones paritarias provinciales. Reci\u00e9n el viernes 6 habr\u00e1 un primer encuentro con las autoridades. Desde el Gobierno provincial salieron a repudiar la decisi\u00f3n de la docencia entrerriana<\/strong><\/em><\/p>\n<p>&nbsp;<\/p>\n<p>&nbsp;<\/p>\n<p>El paro se inicia este lunes 2 de marzo y se extiende hasta el mi\u00e9rcoles 4. La Asociaci\u00f3n Gremial del Magisterio de Entre R\u00edos (Agmer) resolvi\u00f3 la medida en un Congreso que realiz\u00f3 el viernes pasado, 28 de febrero en Federal. Tambi\u00e9n decidi\u00f3 efectuar una movilizaci\u00f3n provincial el mi\u00e9rcoles.<\/p>\n<p>La Asociaci\u00f3n del Magisterio de la Ense\u00f1anza T\u00e9cnica (AMET), por su parte, se uni\u00f3 a la medida y agreg\u00f3 otra acci\u00f3n: convoc\u00f3 a una asamblea de dos horas por turno para el jueves 5.<\/p>\n<p>Ambos gremios anunciaron adem\u00e1s que concurrir\u00e1n a la primera audiencia de la paritaria salarial provincial, convocada por el Gobierno para el viernes 6 de marzo.<\/p>\n<p>En tanto, Sadop Entre R\u00edos resolvi\u00f3 \u201cno realizar ning\u00fan tipo de medidas hasta tanto sean presentadas las propuestas en el \u00e1mbito de dicha negociaci\u00f3n\u201d.<\/p>\n<p>&nbsp;<\/p>\n<p><strong>Cuestionamientos<\/strong><\/p>\n<p>El titular del Consejo General de Eduaci\u00f3n (CGE), Mart\u00edn M\u00fcller, lament\u00f3 \u201cprofundamente\u201d la decisi\u00f3n de Agmer de iniciar con paro el ciclo lectivo 2020. \u201cNos duele porque creemos que el di\u00e1logo es el camino para alcanzar consensos\u201d, apunt\u00f3 el funcionario.<\/p>\n<p>Luego se sumaron otras voces. El presidente de bloque justicialista en la C\u00e1mara de Senadores de la provincia, Armando Gay, consider\u00f3 \u201cincomprensible\u201d la decisi\u00f3n de la docencia entrerriana y la calific\u00f3 de \u201cexabrupto\u201d. Adem\u00e1s aventur\u00f3 que el motivo de la medida \u201cse vislumbra\u201d en \u201cla interna gremial\u201d.<\/p>\n<p>El diputado Jorge C\u00e1ceres calific\u00f3 de \u201capresurada\u201d a la medida y remarc\u00f3 que \u201ces una responsabilidad de todos el inicio del ciclo lectivo\u201d.<\/p>\n<p>Tambi\u00e9n la diputada provincial Carmen Toller reflexion\u00f3 acerca del \u201cno gesto de los docentes\u201d entrerrianos al convocar a un paro. \u201cLa actual medida me parece que est\u00e1 sostenida por criterios que no han sopesado el alcance que tiene el compromiso de educar\u201d, sostuvo al respecto.<\/p>\n","protected":false},"excerpt":{"rendered":"<p>Los gremios docentes Agmer y AMET llamaron a un paro de 72 horas a partir de este lunes 2 de marzo, ante la falta de convocatoria a las negociaciones paritarias provinciales. Reci\u00e9n el viernes 6 habr\u00e1 un primer encuentro con las autoridades. Desde el Gobierno provincial salieron a repudiar la decisi\u00f3n de la docencia entrerriana &nbsp; &nbsp; El paro se inicia este lunes 2 de marzo y se extiende hasta el mi\u00e9rcoles 4. La Asociaci\u00f3n Gremial del Magisterio de Entre R\u00edos (Agmer) resolvi\u00f3 la medida en un Congreso que realiz\u00f3&#8230;<\/p>\n","protected":false},"author":3,"featured_media":7926,"comment_status":"closed","ping_status":"closed","sticky":false,"template":"","format":"standard","meta":[],"categories":[9,15],"tags":[],"_links":{"self":[{"href":"https:\/\/www.actualidadadiario.com\/index.php\/wp-json\/wp\/v2\/posts\/58364"}],"collection":[{"href":"https:\/\/www.actualidadadiario.com\/index.php\/wp-json\/wp\/v2\/posts"}],"about":[{"href":"https:\/\/www.actualidadadiario.com\/index.php\/wp-json\/wp\/v2\/types\/post"}],"author":[{"embeddable":true,"href":"https:\/\/www.actualidadadiario.com\/index.php\/wp-json\/wp\/v2\/users\/3"}],"replies":[{"embeddable":true,"href":"https:\/\/www.actualidadadiario.com\/index.php\/wp-json\/wp\/v2\/comments?post=58364"}],"version-history":[{"count":1,"href":"https:\/\/www.actualidadadiario.com\/index.php\/wp-json\/wp\/v2\/posts\/58364\/revisions"}],"predecessor-version":[{"id":58365,"href":"https:\/\/www.actualidadadiario.com\/index.php\/wp-json\/wp\/v2\/posts\/58364\/revisions\/58365"}],"wp:featuredmedia":[{"embeddable":true,"href":"https:\/\/www.actualidadadiario.com\/index.php\/wp-json\/wp\/v2\/media\/7926"}],"wp:attachment":[{"href":"https:\/\/www.actualidadadiario.com\/index.php\/wp-json\/wp\/v2\/media?parent=58364"}],"wp:term":[{"taxonomy":"category","embeddable":true,"href":"https:\/\/www.actualidadadiario.com\/index.php\/wp-json\/wp\/v2\/categories?post=58364"},{"taxonomy":"post_tag","embeddable":true,"href":"https:\/\/www.actualidadadiario.com\/index.php\/wp-json\/wp\/v2\/tags?post=58364"}],"curies":[{"name":"wp","href":"https:\/\/api.w.org\/{rel}","templated":true}]}}