{"id":58361,"date":"2020-03-02T10:33:53","date_gmt":"2020-03-02T13:33:53","guid":{"rendered":"https:\/\/www.actualidadadiario.com\/?p=58361"},"modified":"2020-03-02T10:33:53","modified_gmt":"2020-03-02T13:33:53","slug":"bordet-sobre-el-discurso-de-alberto-fernandez-nos-da-confianza-y-fortaleza","status":"publish","type":"post","link":"https:\/\/www.actualidadadiario.com\/index.php\/2020\/03\/02\/bordet-sobre-el-discurso-de-alberto-fernandez-nos-da-confianza-y-fortaleza\/","title":{"rendered":"Bordet sobre el discurso de Alberto Fern\u00e1ndez: \u201cNos da confianza y fortaleza\u201d"},"content":{"rendered":"<p style=\"text-align: center;\"><em><strong>El gobernador Gustavo Bordet valor\u00f3 el discurso del presidente Alberto Fern\u00e1ndez ante la Asamblea Legislativa. &#8220;Nos da confianza y fortaleza para enfrentar tiempos que van a ser muy dif\u00edciles\u201d, afirm\u00f3<\/strong><\/em><\/p>\n<p>&nbsp;<\/p>\n<p>&nbsp;<\/p>\n<p>Adem\u00e1s, se pronunci\u00f3 por \u201cbuscar principios y pautas solidarias para volver a la senda del desarrollo y la generaci\u00f3n de empleo&#8221;.<\/p>\n<p>\u201cSon tiempos muy duros porque hay una situaci\u00f3n realmente muy complicada desde lo financiero, lo econ\u00f3mico, con una profunda recesi\u00f3n. Vamos a tener que poner lo mejor de cada uno de nosotros y buscar principios y pautas solidarias para que, en este tiempo que nos toca por delante, resolver los problemas r\u00e1pidamente, y volver a esta senda de desarrollo y crecimiento productivo y generaci\u00f3n de empleo que es la que en definitiva aspiramos desde el momento en el que empezamos a gobernar\u201d, resalt\u00f3 Bordet.<\/p>\n<p>El mandatario particip\u00f3 del acto de apertura del 138\u00ba periodo de sesiones ordinarias del Congreso de la Naci\u00f3n que llev\u00f3 a cabo el presidente de la Naci\u00f3n ante la Asamblea Legislativa.<\/p>\n<p>\u201cFue un mensaje muy completo, abarcativo, un mensaje muy sincero, donde se puso en superficie la realidad del pa\u00eds en la que nos ha dejado el gobierno anterior, pero que tambi\u00e9n plantea un futuro que tiene que ver con la inclusi\u00f3n social, con erradicar el hambre y con avanzar en la generaci\u00f3n de puestos de trabajo\u201d, resalt\u00f3 Bordet luego del acto.<\/p>\n<p>Adem\u00e1s valor\u00f3 que el presidente Alberto Fern\u00e1ndez haya hecho \u201cmenci\u00f3n de forma espec\u00edfica a las econom\u00edas regionales porque esto representa, con total claridad, una gran oportunidad para Entre R\u00edos\u201d.<\/p>\n<p>Tambi\u00e9n resalt\u00f3 el cap\u00edtulo que el presidente dedic\u00f3 a \u201caspectos institucionales que son muy necesarios para vivir en un Estado de derecho pleno\u201d, y destac\u00f3 que fue un mensaje en perfecta sinton\u00eda con lo que estamos realizando en Entre R\u00edos, y que va tambi\u00e9n de la mano con lo que he planteado en la apertura de sesiones legislativas en Entre R\u00edos el 15 de febrero\u201d.<\/p>\n<p>Por \u00faltimo celebr\u00f3 el \u201ccontenido federal\u201d del discurso del presidente, que represent\u00f3 \u201cla visi\u00f3n de un proyecto pol\u00edtico com\u00fan que tiene el Estado nacional con las provincias\u201d.<\/p>\n","protected":false},"excerpt":{"rendered":"<p>El gobernador Gustavo Bordet valor\u00f3 el discurso del presidente Alberto Fern\u00e1ndez ante la Asamblea Legislativa. &#8220;Nos da confianza y fortaleza para enfrentar tiempos que van a ser muy dif\u00edciles\u201d, afirm\u00f3 &nbsp; &nbsp; Adem\u00e1s, se pronunci\u00f3 por \u201cbuscar principios y pautas solidarias para volver a la senda del desarrollo y la generaci\u00f3n de empleo&#8221;. \u201cSon tiempos muy duros porque hay una situaci\u00f3n realmente muy complicada desde lo financiero, lo econ\u00f3mico, con una profunda recesi\u00f3n. Vamos a tener que poner lo mejor de cada uno de nosotros y buscar principios y pautas&#8230;<\/p>\n","protected":false},"author":3,"featured_media":58362,"comment_status":"closed","ping_status":"closed","sticky":false,"template":"","format":"standard","meta":[],"categories":[9,15],"tags":[],"_links":{"self":[{"href":"https:\/\/www.actualidadadiario.com\/index.php\/wp-json\/wp\/v2\/posts\/58361"}],"collection":[{"href":"https:\/\/www.actualidadadiario.com\/index.php\/wp-json\/wp\/v2\/posts"}],"about":[{"href":"https:\/\/www.actualidadadiario.com\/index.php\/wp-json\/wp\/v2\/types\/post"}],"author":[{"embeddable":true,"href":"https:\/\/www.actualidadadiario.com\/index.php\/wp-json\/wp\/v2\/users\/3"}],"replies":[{"embeddable":true,"href":"https:\/\/www.actualidadadiario.com\/index.php\/wp-json\/wp\/v2\/comments?post=58361"}],"version-history":[{"count":1,"href":"https:\/\/www.actualidadadiario.com\/index.php\/wp-json\/wp\/v2\/posts\/58361\/revisions"}],"predecessor-version":[{"id":58363,"href":"https:\/\/www.actualidadadiario.com\/index.php\/wp-json\/wp\/v2\/posts\/58361\/revisions\/58363"}],"wp:featuredmedia":[{"embeddable":true,"href":"https:\/\/www.actualidadadiario.com\/index.php\/wp-json\/wp\/v2\/media\/58362"}],"wp:attachment":[{"href":"https:\/\/www.actualidadadiario.com\/index.php\/wp-json\/wp\/v2\/media?parent=58361"}],"wp:term":[{"taxonomy":"category","embeddable":true,"href":"https:\/\/www.actualidadadiario.com\/index.php\/wp-json\/wp\/v2\/categories?post=58361"},{"taxonomy":"post_tag","embeddable":true,"href":"https:\/\/www.actualidadadiario.com\/index.php\/wp-json\/wp\/v2\/tags?post=58361"}],"curies":[{"name":"wp","href":"https:\/\/api.w.org\/{rel}","templated":true}]}}