{"id":58355,"date":"2020-02-28T12:30:32","date_gmt":"2020-02-28T15:30:32","guid":{"rendered":"https:\/\/www.actualidadadiario.com\/?p=58355"},"modified":"2020-02-28T12:30:32","modified_gmt":"2020-02-28T15:30:32","slug":"preocupa-la-salud-de-francisco-tiene-gripe-en-medio-del-brote-de-coronavirus-en-italia","status":"publish","type":"post","link":"https:\/\/www.actualidadadiario.com\/index.php\/2020\/02\/28\/preocupa-la-salud-de-francisco-tiene-gripe-en-medio-del-brote-de-coronavirus-en-italia\/","title":{"rendered":"Preocupa la salud de Francisco: tiene gripe en medio del brote de coronavirus en Italia"},"content":{"rendered":"<p style=\"text-align: center;\"><em><strong>La preocupaci\u00f3n aument\u00f3 cuando se conoci\u00f3 que ayer el ex embajador de Ir\u00e1n en el Vaticano, Seyyed Hadi Khosroshahi, hab\u00eda fallecido por causa del nuevo coronavirus<\/strong><\/em><\/p>\n<p>&nbsp;<\/p>\n<p>El papa Francisco ten\u00eda organizado todo su jueves pero debi\u00f3 modificar sus planes a ra\u00edz del resfr\u00edo que sufre. Sin embargo, esto encendi\u00f3 las alertas en el Vaticano debido a la creciente aparici\u00f3n de casos de coronavirus en Italia.<\/p>\n<p>El sumo pont\u00edfice celebr\u00f3 la misa en Santa Marta pero no asisti\u00f3 al encuentro en San Juan de Letr\u00e1n con el clero de la di\u00f3cesis de Roma.<\/p>\n<p>Esta ausencia fue comunicada por el director de la Oficina de Prensa de la Santa Sede, Matteo Bruni, quien respondiendo a las preguntas de los periodistas, dijo que Francisco \u201cprefiri\u00f3 permanecer en las cercan\u00edas de Santa Marta\u201d y que \u201clos dem\u00e1s compromisos proceden regularmente\u201d. A su vez, explic\u00f3 que solo se trataba de una \u201cleve indisposici\u00f3n\u201d.<\/p>\n<p>La preocupaci\u00f3n aument\u00f3 ayer cuando se conoci\u00f3 que el ex embajador de Ir\u00e1n en el Vaticano, Seyyed Hadi Khosroshahi, acababa de fallecer por causa del nuevo coronavirus.<\/p>\n<p>Khosroshahi, de 81 a\u00f1os, muri\u00f3 en el Hospital Masih Daneshvari, ejerci\u00f3 varios cargos diplom\u00e1ticos desde la d\u00e9cada de los 80, entre ellos como embajador de Ir\u00e1n en el Vaticano.<\/p>\n<p>Con su fallecimiento el n\u00famero de v\u00edctimas fatales por coronavirus en Ir\u00e1n asciende a 26, mientras otros 245 casos confirmados se est\u00e1n en cuarentena y bajo cercana observaci\u00f3n.<\/p>\n<p>Khosroshahi se encontraba ya hace varios a\u00f1os fuera del vaticano, no obstante, la noticia conocida este jueves de que el papa Francisco hab\u00eda tomado un d\u00eda libre de sus actividades debido a un resfriado, preocup\u00f3 a la comunidad.<\/p>\n","protected":false},"excerpt":{"rendered":"<p>La preocupaci\u00f3n aument\u00f3 cuando se conoci\u00f3 que ayer el ex embajador de Ir\u00e1n en el Vaticano, Seyyed Hadi Khosroshahi, hab\u00eda fallecido por causa del nuevo coronavirus &nbsp; El papa Francisco ten\u00eda organizado todo su jueves pero debi\u00f3 modificar sus planes a ra\u00edz del resfr\u00edo que sufre. Sin embargo, esto encendi\u00f3 las alertas en el Vaticano debido a la creciente aparici\u00f3n de casos de coronavirus en Italia. El sumo pont\u00edfice celebr\u00f3 la misa en Santa Marta pero no asisti\u00f3 al encuentro en San Juan de Letr\u00e1n con el clero de la&#8230;<\/p>\n","protected":false},"author":3,"featured_media":58356,"comment_status":"closed","ping_status":"closed","sticky":false,"template":"","format":"standard","meta":[],"categories":[4],"tags":[],"_links":{"self":[{"href":"https:\/\/www.actualidadadiario.com\/index.php\/wp-json\/wp\/v2\/posts\/58355"}],"collection":[{"href":"https:\/\/www.actualidadadiario.com\/index.php\/wp-json\/wp\/v2\/posts"}],"about":[{"href":"https:\/\/www.actualidadadiario.com\/index.php\/wp-json\/wp\/v2\/types\/post"}],"author":[{"embeddable":true,"href":"https:\/\/www.actualidadadiario.com\/index.php\/wp-json\/wp\/v2\/users\/3"}],"replies":[{"embeddable":true,"href":"https:\/\/www.actualidadadiario.com\/index.php\/wp-json\/wp\/v2\/comments?post=58355"}],"version-history":[{"count":1,"href":"https:\/\/www.actualidadadiario.com\/index.php\/wp-json\/wp\/v2\/posts\/58355\/revisions"}],"predecessor-version":[{"id":58357,"href":"https:\/\/www.actualidadadiario.com\/index.php\/wp-json\/wp\/v2\/posts\/58355\/revisions\/58357"}],"wp:featuredmedia":[{"embeddable":true,"href":"https:\/\/www.actualidadadiario.com\/index.php\/wp-json\/wp\/v2\/media\/58356"}],"wp:attachment":[{"href":"https:\/\/www.actualidadadiario.com\/index.php\/wp-json\/wp\/v2\/media?parent=58355"}],"wp:term":[{"taxonomy":"category","embeddable":true,"href":"https:\/\/www.actualidadadiario.com\/index.php\/wp-json\/wp\/v2\/categories?post=58355"},{"taxonomy":"post_tag","embeddable":true,"href":"https:\/\/www.actualidadadiario.com\/index.php\/wp-json\/wp\/v2\/tags?post=58355"}],"curies":[{"name":"wp","href":"https:\/\/api.w.org\/{rel}","templated":true}]}}