{"id":58343,"date":"2020-02-28T12:27:45","date_gmt":"2020-02-28T15:27:45","guid":{"rendered":"https:\/\/www.actualidadadiario.com\/?p=58343"},"modified":"2020-02-28T12:27:45","modified_gmt":"2020-02-28T15:27:45","slug":"chile-hay-crisis-de-dd-hh-dice-amnesty","status":"publish","type":"post","link":"https:\/\/www.actualidadadiario.com\/index.php\/2020\/02\/28\/chile-hay-crisis-de-dd-hh-dice-amnesty\/","title":{"rendered":"Chile: hay crisis de DD.HH. dice Amnesty"},"content":{"rendered":"<p style=\"text-align: center;\"><em><strong>Amnist\u00eda Internacional (AI) asest\u00f3 un nuevo golpe a la imagen internacional del gobierno chileno que preside Sebasti\u00e1n Pi\u00f1era, al denunciar que ese pa\u00eds cerr\u00f3 el a\u00f1o 2019 &#8220;con la peor crisis de derechos humanos desde la dictadura de Augusto Pinochet (1973-1990)&#8221; y remarcar un &#8220;dr\u00e1stico aumento&#8221; del n\u00famero de abusos cometidos por el Estado<\/strong><\/em><\/p>\n<p>&nbsp;<\/p>\n<p>&#8220;Las fuerzas del estado chileno intentaron justificar su uso de la violencia contra manifestantes alegando que tales medidas eran necesarias para proteger las infraestructuras y la propiedad privada frente a da\u00f1os y vandalismo&#8221;, denuncia un fragmento del informe anual sobre la situaci\u00f3n de los derechos humanos en Am\u00e9rica difundido por la ONG.<\/p>\n<p>&#8220;Estos abusos pasan desde el uso de armas letales contra los manifestantes, uso de munici\u00f3n potencialmente letal y de gases lacrim\u00f3genos &#8220;de manera injustificada, generalizada e indiscriminada&#8221;, ataques contra periodistas y violencia contra personas a las que ya se hab\u00eda arrestado&#8221;, agreg\u00f3.<\/p>\n","protected":false},"excerpt":{"rendered":"<p>Amnist\u00eda Internacional (AI) asest\u00f3 un nuevo golpe a la imagen internacional del gobierno chileno que preside Sebasti\u00e1n Pi\u00f1era, al denunciar que ese pa\u00eds cerr\u00f3 el a\u00f1o 2019 &#8220;con la peor crisis de derechos humanos desde la dictadura de Augusto Pinochet (1973-1990)&#8221; y remarcar un &#8220;dr\u00e1stico aumento&#8221; del n\u00famero de abusos cometidos por el Estado &nbsp; &#8220;Las fuerzas del estado chileno intentaron justificar su uso de la violencia contra manifestantes alegando que tales medidas eran necesarias para proteger las infraestructuras y la propiedad privada frente a da\u00f1os y vandalismo&#8221;, denuncia un&#8230;<\/p>\n","protected":false},"author":3,"featured_media":58344,"comment_status":"closed","ping_status":"closed","sticky":false,"template":"","format":"standard","meta":[],"categories":[4],"tags":[],"_links":{"self":[{"href":"https:\/\/www.actualidadadiario.com\/index.php\/wp-json\/wp\/v2\/posts\/58343"}],"collection":[{"href":"https:\/\/www.actualidadadiario.com\/index.php\/wp-json\/wp\/v2\/posts"}],"about":[{"href":"https:\/\/www.actualidadadiario.com\/index.php\/wp-json\/wp\/v2\/types\/post"}],"author":[{"embeddable":true,"href":"https:\/\/www.actualidadadiario.com\/index.php\/wp-json\/wp\/v2\/users\/3"}],"replies":[{"embeddable":true,"href":"https:\/\/www.actualidadadiario.com\/index.php\/wp-json\/wp\/v2\/comments?post=58343"}],"version-history":[{"count":1,"href":"https:\/\/www.actualidadadiario.com\/index.php\/wp-json\/wp\/v2\/posts\/58343\/revisions"}],"predecessor-version":[{"id":58345,"href":"https:\/\/www.actualidadadiario.com\/index.php\/wp-json\/wp\/v2\/posts\/58343\/revisions\/58345"}],"wp:featuredmedia":[{"embeddable":true,"href":"https:\/\/www.actualidadadiario.com\/index.php\/wp-json\/wp\/v2\/media\/58344"}],"wp:attachment":[{"href":"https:\/\/www.actualidadadiario.com\/index.php\/wp-json\/wp\/v2\/media?parent=58343"}],"wp:term":[{"taxonomy":"category","embeddable":true,"href":"https:\/\/www.actualidadadiario.com\/index.php\/wp-json\/wp\/v2\/categories?post=58343"},{"taxonomy":"post_tag","embeddable":true,"href":"https:\/\/www.actualidadadiario.com\/index.php\/wp-json\/wp\/v2\/tags?post=58343"}],"curies":[{"name":"wp","href":"https:\/\/api.w.org\/{rel}","templated":true}]}}