{"id":58341,"date":"2020-02-28T12:27:00","date_gmt":"2020-02-28T15:27:00","guid":{"rendered":"https:\/\/www.actualidadadiario.com\/?p=58341"},"modified":"2020-02-28T12:27:00","modified_gmt":"2020-02-28T15:27:00","slug":"el-senado-debate-el-nombramiento-de-la-defensora-del-nino-y-el-proyecto-de-ley-de-gondolas","status":"publish","type":"post","link":"https:\/\/www.actualidadadiario.com\/index.php\/2020\/02\/28\/el-senado-debate-el-nombramiento-de-la-defensora-del-nino-y-el-proyecto-de-ley-de-gondolas\/","title":{"rendered":"El Senado debate el nombramiento de la defensora del Ni\u00f1o y el proyecto de ley de g\u00f3ndolas"},"content":{"rendered":"<p style=\"text-align: center;\"><em><strong>En una sesi\u00f3n extraordinaria, el Senado de la Naci\u00f3n someter\u00e1 a votaci\u00f3n el pliego de nombramiento de Marisa Graham como defensora de Ni\u00f1as, Ni\u00f1os y Adolescentes. El tratamiento de su designaci\u00f3n est\u00e1 frenado desde el a\u00f1o pasado por su apoyo a la legalizaci\u00f3n del aborto. La C\u00e1mara alta tambi\u00e9n buscar\u00e1 aprobar hoy el proyecto de ley de g\u00f3ndolas<\/strong><\/em><\/p>\n<p>&nbsp;<\/p>\n<p>La apertura formal de las sesiones del Congreso se realizar\u00e1 este domingo con la presentaci\u00f3n del presidente Alberto Fern\u00e1ndez. Faltando dos d\u00edas para la Asamblea Legislativa, el recinto entrar\u00e1 en actividad a las 14.00 para debatir la asunci\u00f3n de Graham y la iniciativa que busca beneficiar a las pymes y las segundas marcas.<\/p>\n<p>&nbsp;<\/p>\n<p><strong>Oposiciones en el Senado por el nombramiento de Graham<\/strong><\/p>\n<p>En 2019 la designaci\u00f3n de Graham cont\u00f3 con el aval un\u00e1nime de la comisi\u00f3n bicameral encargada de proponer a una persona para encargarse de la Defensor\u00eda de Ni\u00f1as, Ni\u00f1os y Adolescentes. Este cargo fue creado 15 a\u00f1os atr\u00e1s, pero siempre ha estado vacante. El pliego tambi\u00e9n fue aprobado en Diputados sin oposiciones en junio del a\u00f1o pasado.<\/p>\n<p>A pesar del visto bueno de la C\u00e1mara baja, en el alta surgieron oposiciones a este nombramiento. Los legisladores \u201cprovida\u201d manifestaron su rechazo a la abogada luego de enterarse de que apoya la interrupci\u00f3n voluntaria del embarazo. Los senadores a favor del aborto esperan sobreponerse a las resistencias y reunir los votos necesarios para aprobar el pliego.<\/p>\n<p>&nbsp;<\/p>\n<p><strong>Ley de G\u00f3ndolas<\/strong><\/p>\n<p>El Senado tambi\u00e9n someter\u00e1 a votaci\u00f3n este mediod\u00eda el proyecto de ley de g\u00f3ndolas, que Diputados aprob\u00f3 en noviembre del a\u00f1o pasado. La semana pasada, el oficialismo firm\u00f3 el dictamen de la Comisi\u00f3n de Legislaci\u00f3n General en soledad. Juntos por el Cambio no lo acompa\u00f1\u00f3, ya que prefiri\u00f3 tomarse m\u00e1s tiempo para estudiar posibles modificaciones al texto.<\/p>\n","protected":false},"excerpt":{"rendered":"<p>En una sesi\u00f3n extraordinaria, el Senado de la Naci\u00f3n someter\u00e1 a votaci\u00f3n el pliego de nombramiento de Marisa Graham como defensora de Ni\u00f1as, Ni\u00f1os y Adolescentes. El tratamiento de su designaci\u00f3n est\u00e1 frenado desde el a\u00f1o pasado por su apoyo a la legalizaci\u00f3n del aborto. La C\u00e1mara alta tambi\u00e9n buscar\u00e1 aprobar hoy el proyecto de ley de g\u00f3ndolas &nbsp; La apertura formal de las sesiones del Congreso se realizar\u00e1 este domingo con la presentaci\u00f3n del presidente Alberto Fern\u00e1ndez. Faltando dos d\u00edas para la Asamblea Legislativa, el recinto entrar\u00e1 en actividad&#8230;<\/p>\n","protected":false},"author":3,"featured_media":57937,"comment_status":"closed","ping_status":"closed","sticky":false,"template":"","format":"standard","meta":[],"categories":[18],"tags":[],"_links":{"self":[{"href":"https:\/\/www.actualidadadiario.com\/index.php\/wp-json\/wp\/v2\/posts\/58341"}],"collection":[{"href":"https:\/\/www.actualidadadiario.com\/index.php\/wp-json\/wp\/v2\/posts"}],"about":[{"href":"https:\/\/www.actualidadadiario.com\/index.php\/wp-json\/wp\/v2\/types\/post"}],"author":[{"embeddable":true,"href":"https:\/\/www.actualidadadiario.com\/index.php\/wp-json\/wp\/v2\/users\/3"}],"replies":[{"embeddable":true,"href":"https:\/\/www.actualidadadiario.com\/index.php\/wp-json\/wp\/v2\/comments?post=58341"}],"version-history":[{"count":1,"href":"https:\/\/www.actualidadadiario.com\/index.php\/wp-json\/wp\/v2\/posts\/58341\/revisions"}],"predecessor-version":[{"id":58342,"href":"https:\/\/www.actualidadadiario.com\/index.php\/wp-json\/wp\/v2\/posts\/58341\/revisions\/58342"}],"wp:featuredmedia":[{"embeddable":true,"href":"https:\/\/www.actualidadadiario.com\/index.php\/wp-json\/wp\/v2\/media\/57937"}],"wp:attachment":[{"href":"https:\/\/www.actualidadadiario.com\/index.php\/wp-json\/wp\/v2\/media?parent=58341"}],"wp:term":[{"taxonomy":"category","embeddable":true,"href":"https:\/\/www.actualidadadiario.com\/index.php\/wp-json\/wp\/v2\/categories?post=58341"},{"taxonomy":"post_tag","embeddable":true,"href":"https:\/\/www.actualidadadiario.com\/index.php\/wp-json\/wp\/v2\/tags?post=58341"}],"curies":[{"name":"wp","href":"https:\/\/api.w.org\/{rel}","templated":true}]}}