{"id":58338,"date":"2020-02-28T12:26:20","date_gmt":"2020-02-28T15:26:20","guid":{"rendered":"https:\/\/www.actualidadadiario.com\/?p=58338"},"modified":"2020-02-28T12:26:20","modified_gmt":"2020-02-28T15:26:20","slug":"por-primera-vez-una-mujer-presidira-cascos-blancos","status":"publish","type":"post","link":"https:\/\/www.actualidadadiario.com\/index.php\/2020\/02\/28\/por-primera-vez-una-mujer-presidira-cascos-blancos\/","title":{"rendered":"Por primera vez, una mujer presidir\u00e1 Cascos Blancos"},"content":{"rendered":"<p style=\"text-align: center;\"><em><strong>El gobierno de Alberto Fern\u00e1ndez design\u00f3 a Marina Cardelli como titular de la Comisi\u00f3n Cascos Blancos. La flamante presidenta forma parte de Agenda Argentina y es adem\u00e1s cofundadora del grupo G\u00e9nera. La designaci\u00f3n lleva las firmas del Presidente, el jefe de Gabinete, Santiago Cafiero, y el canciller Felipe Sol\u00e1<\/strong><\/em><\/p>\n<p>&nbsp;<\/p>\n<p>El Gobierno nacional design\u00f3 a Marina Cardelli como presidenta de la Comisi\u00f3n Cascos Blancos. A trav\u00e9s del Decreto 192\/2020, publicado hoy en el Bolet\u00edn Oficial con las firmas del presidente Alberto Fern\u00e1ndez, el canciller Felipe Sol\u00e1 y el jefe de Gabinete Santiago Cafiero, Cardelli ser\u00e1 la primera mujer en conducir el organismo de la Canciller\u00eda argentina.<\/p>\n<p>Marina Cardelli, es coordinadora del equipo de investigaci\u00f3n de pol\u00edtica exterior del *Centro de Formaci\u00f3n y Pensamiento G\u00e9nera*, del que tambi\u00e9n es co-directora. Adem\u00e1s, se desempe\u00f1\u00f3 como asesora para la comisi\u00f3n de Relaciones exteriores y culto en la Honorable C\u00e1mara de Diputados. Cuenta con una amplia trayectoria acad\u00e9mica, es\u00a0 graduada en Letras en la UBA, donde desarrolla tareas docentes y de investigaci\u00f3n.<\/p>\n<p>La flamante presidenta forma parte de \u201cAgenda Argentina\u201d, una iniciativa conjunta de diversos colectivos del pensamiento, la academia, la comunicaci\u00f3n y el activismo pol\u00edtico que busca contribuir a la elaboraci\u00f3n de programas que expresen respuestas para nuevos interrogantes te\u00f3ricos y pol\u00edticos. Desde este \u00e1mbito particip\u00f3 de diversas publicaciones entre las que se destaca el libro Hablemos de Ideas, una compilaci\u00f3n de art\u00edculos prologada por el presidente Fern\u00e1ndez.<\/p>\n<p>La \u201cComisi\u00f3n de Cascos Blancos\u201d es el organismo de la Canciller\u00eda argentina dedicado al dise\u00f1o y ejecuci\u00f3n de la asistencia humanitaria, y es el interlocutor de esta tem\u00e1tica con organismos internacionales. Creado hace 25 a\u00f1os, cuenta con un cuerpo propio de voluntariado que asiste en las misiones. A su vez, Cascos Blancos integra el Sistema Nacional para la Gesti\u00f3n Integral del Riesgo (SINAGIR), el \u00e1mbito de articulaci\u00f3n para la reducci\u00f3n de riesgos, el manejo y la recuperaci\u00f3n de las crisis.<\/p>\n","protected":false},"excerpt":{"rendered":"<p>El gobierno de Alberto Fern\u00e1ndez design\u00f3 a Marina Cardelli como titular de la Comisi\u00f3n Cascos Blancos. La flamante presidenta forma parte de Agenda Argentina y es adem\u00e1s cofundadora del grupo G\u00e9nera. La designaci\u00f3n lleva las firmas del Presidente, el jefe de Gabinete, Santiago Cafiero, y el canciller Felipe Sol\u00e1 &nbsp; El Gobierno nacional design\u00f3 a Marina Cardelli como presidenta de la Comisi\u00f3n Cascos Blancos. A trav\u00e9s del Decreto 192\/2020, publicado hoy en el Bolet\u00edn Oficial con las firmas del presidente Alberto Fern\u00e1ndez, el canciller Felipe Sol\u00e1 y el jefe de&#8230;<\/p>\n","protected":false},"author":3,"featured_media":58339,"comment_status":"closed","ping_status":"closed","sticky":false,"template":"","format":"standard","meta":[],"categories":[18],"tags":[],"_links":{"self":[{"href":"https:\/\/www.actualidadadiario.com\/index.php\/wp-json\/wp\/v2\/posts\/58338"}],"collection":[{"href":"https:\/\/www.actualidadadiario.com\/index.php\/wp-json\/wp\/v2\/posts"}],"about":[{"href":"https:\/\/www.actualidadadiario.com\/index.php\/wp-json\/wp\/v2\/types\/post"}],"author":[{"embeddable":true,"href":"https:\/\/www.actualidadadiario.com\/index.php\/wp-json\/wp\/v2\/users\/3"}],"replies":[{"embeddable":true,"href":"https:\/\/www.actualidadadiario.com\/index.php\/wp-json\/wp\/v2\/comments?post=58338"}],"version-history":[{"count":1,"href":"https:\/\/www.actualidadadiario.com\/index.php\/wp-json\/wp\/v2\/posts\/58338\/revisions"}],"predecessor-version":[{"id":58340,"href":"https:\/\/www.actualidadadiario.com\/index.php\/wp-json\/wp\/v2\/posts\/58338\/revisions\/58340"}],"wp:featuredmedia":[{"embeddable":true,"href":"https:\/\/www.actualidadadiario.com\/index.php\/wp-json\/wp\/v2\/media\/58339"}],"wp:attachment":[{"href":"https:\/\/www.actualidadadiario.com\/index.php\/wp-json\/wp\/v2\/media?parent=58338"}],"wp:term":[{"taxonomy":"category","embeddable":true,"href":"https:\/\/www.actualidadadiario.com\/index.php\/wp-json\/wp\/v2\/categories?post=58338"},{"taxonomy":"post_tag","embeddable":true,"href":"https:\/\/www.actualidadadiario.com\/index.php\/wp-json\/wp\/v2\/tags?post=58338"}],"curies":[{"name":"wp","href":"https:\/\/api.w.org\/{rel}","templated":true}]}}