{"id":58332,"date":"2020-02-28T12:24:53","date_gmt":"2020-02-28T15:24:53","guid":{"rendered":"https:\/\/www.actualidadadiario.com\/?p=58332"},"modified":"2020-02-28T12:24:53","modified_gmt":"2020-02-28T15:24:53","slug":"la-argentina-no-tiene-espacio-para-soportar-al-crimen-organizado","status":"publish","type":"post","link":"https:\/\/www.actualidadadiario.com\/index.php\/2020\/02\/28\/la-argentina-no-tiene-espacio-para-soportar-al-crimen-organizado\/","title":{"rendered":"&#8220;La Argentina no tiene espacio para soportar al crimen organizado\u201d"},"content":{"rendered":"<p style=\"text-align: center;\"><em><strong>Alberto Fern\u00e1ndez encabez\u00f3 el acto por los 208 a\u00f1os del primer enarbolamiento de la bandera<\/strong><\/em><\/p>\n<p>&nbsp;<\/p>\n<p>&nbsp;<\/p>\n<p>El presidente Alberto Fern\u00e1ndez encabez\u00f3 ayer en Rosario la ceremonia de conmemoraci\u00f3n por los 208 a\u00f1os del primer enarbolamiento de la bandera, realizado el 27 de febrero de1812 por el general Manuel Belgrano a orillas del r\u00edo Paran\u00e1.<\/p>\n<p>\u201cHoy estamos haciendo lo correcto: poner en valor a un hombre inmenso como Manuel Belgrano, un hombre impresionante, un jurista, un hombre que entendi\u00f3 la econom\u00eda como pocos, un hombre que cuando tuvo que empu\u00f1ar las armas en defensa de la Patria lo hizo como ninguno, poniendo todo su coraje y toda su fuerza\u201d, afirm\u00f3 el mandatario en el Monumento Nacional a la Bandera.<\/p>\n<p>El Presidente se\u00f1al\u00f3 que Rosario \u201ces una ciudad donde la Justicia tiene que hacer m\u00e1s de lo que hace\u201d, y remarc\u00f3: \u201cEstoy aqu\u00ed para poner la cara frente a ustedes, y para decirles que soy un rosarino m\u00e1s a la hora de reclamar m\u00e1s justicia y m\u00e1s seguridad\u201d.<\/p>\n<p>\u201cEstoy para solucionar los problemas que el narcotr\u00e1fico y el crimen organizado han creado en Rosario y en todo Santa Fe. Vamos a dar las batallas que haya que dar porque los criminales no tienen derecho a adue\u00f1arse de la vida de los rosarinos. La Argentina no tiene espacio para soportar al crimen organizado ni a ning\u00fan delito\u201d, asegur\u00f3 el Presidente.<\/p>\n<p>Y destac\u00f3: \u201cEstoy de cara a ustedes con este compromiso que vengo a asumir y les pido que el 20 de junio salgan a la calle todos los rosarinos, vengan a Rosario todos los santafecinos, demostremos al crimen que somos muchos m\u00e1s los que no les tenemos miedo y de una vez por todas, por Carlos [Orellano] y por todas las v\u00edctimas, hag\u00e1monos cargo de cambiar lo que haya que cambiar\u201d.<\/p>\n<p>Antes del acto, el Presidente mantuvo un encuentro con los padres de Orellano, un joven de 23 a\u00f1os asesinado y cuyo cuerpo fue encontrado flotando en el r\u00edo Paran\u00e1.<\/p>\n<p>El mandatario estuvo acompa\u00f1ado por el gobernador de Santa Fe, Omar Perotti; el jefe de Gabinete, Santiago Cafiero; y los ministros de Defensa, Agust\u00edn Rossi; Interior, Eduardo de Pedro; Educaci\u00f3n, Nicol\u00e1s Trotta, y Cultura, Trist\u00e1n Bauer. Tambi\u00e9n estuvo presente el intendente de Rosario, Pablo Javkin, entre otros funcionarios municipales y provinciales.<\/p>\n<p>Durante el acto, se descubri\u00f3 una escultura en honor a Belgrano realizada por trabajadores y trabajadoras del astillero Tandanor, quienes entregaron tambi\u00e9n una r\u00e9plica al Presidente.<\/p>\n<p>En homenaje al 250\u00b0 aniversario del nacimiento del pr\u00f3cer y a los 200 a\u00f1os de su fallecimiento, el 2020 fue declarado \u201cA\u00f1o del general Manuel Belgrano\u201d.<\/p>\n","protected":false},"excerpt":{"rendered":"<p>Alberto Fern\u00e1ndez encabez\u00f3 el acto por los 208 a\u00f1os del primer enarbolamiento de la bandera &nbsp; &nbsp; El presidente Alberto Fern\u00e1ndez encabez\u00f3 ayer en Rosario la ceremonia de conmemoraci\u00f3n por los 208 a\u00f1os del primer enarbolamiento de la bandera, realizado el 27 de febrero de1812 por el general Manuel Belgrano a orillas del r\u00edo Paran\u00e1. \u201cHoy estamos haciendo lo correcto: poner en valor a un hombre inmenso como Manuel Belgrano, un hombre impresionante, un jurista, un hombre que entendi\u00f3 la econom\u00eda como pocos, un hombre que cuando tuvo que empu\u00f1ar&#8230;<\/p>\n","protected":false},"author":3,"featured_media":58333,"comment_status":"closed","ping_status":"closed","sticky":false,"template":"","format":"standard","meta":[],"categories":[18],"tags":[],"_links":{"self":[{"href":"https:\/\/www.actualidadadiario.com\/index.php\/wp-json\/wp\/v2\/posts\/58332"}],"collection":[{"href":"https:\/\/www.actualidadadiario.com\/index.php\/wp-json\/wp\/v2\/posts"}],"about":[{"href":"https:\/\/www.actualidadadiario.com\/index.php\/wp-json\/wp\/v2\/types\/post"}],"author":[{"embeddable":true,"href":"https:\/\/www.actualidadadiario.com\/index.php\/wp-json\/wp\/v2\/users\/3"}],"replies":[{"embeddable":true,"href":"https:\/\/www.actualidadadiario.com\/index.php\/wp-json\/wp\/v2\/comments?post=58332"}],"version-history":[{"count":1,"href":"https:\/\/www.actualidadadiario.com\/index.php\/wp-json\/wp\/v2\/posts\/58332\/revisions"}],"predecessor-version":[{"id":58334,"href":"https:\/\/www.actualidadadiario.com\/index.php\/wp-json\/wp\/v2\/posts\/58332\/revisions\/58334"}],"wp:featuredmedia":[{"embeddable":true,"href":"https:\/\/www.actualidadadiario.com\/index.php\/wp-json\/wp\/v2\/media\/58333"}],"wp:attachment":[{"href":"https:\/\/www.actualidadadiario.com\/index.php\/wp-json\/wp\/v2\/media?parent=58332"}],"wp:term":[{"taxonomy":"category","embeddable":true,"href":"https:\/\/www.actualidadadiario.com\/index.php\/wp-json\/wp\/v2\/categories?post=58332"},{"taxonomy":"post_tag","embeddable":true,"href":"https:\/\/www.actualidadadiario.com\/index.php\/wp-json\/wp\/v2\/tags?post=58332"}],"curies":[{"name":"wp","href":"https:\/\/api.w.org\/{rel}","templated":true}]}}