{"id":58329,"date":"2020-02-28T12:23:51","date_gmt":"2020-02-28T15:23:51","guid":{"rendered":"https:\/\/www.actualidadadiario.com\/?p=58329"},"modified":"2020-02-28T12:23:51","modified_gmt":"2020-02-28T15:23:51","slug":"media-sancion-para-modificar-las-jubilaciones-de-privilegio","status":"publish","type":"post","link":"https:\/\/www.actualidadadiario.com\/index.php\/2020\/02\/28\/media-sancion-para-modificar-las-jubilaciones-de-privilegio\/","title":{"rendered":"Media sanci\u00f3n para modificar las jubilaciones de privilegio"},"content":{"rendered":"<p style=\"text-align: center;\"><em><strong>El bloque de Juntos por el Cambio se retir\u00f3 del recinto en protesta por la presencia de Scioli. El Frente de Todos cont\u00f3 con el n\u00famero justo y se define cu\u00e1ndo pasa al Senado<\/strong><\/em><\/p>\n<p>&nbsp;<\/p>\n<p>&nbsp;<\/p>\n<p>&nbsp;<\/p>\n<p>Con la ausencia del interbloque de Juntos por el Cambio y en tan s\u00f3lo tres horas de debate, el oficialismo logr\u00f3 dar media sanci\u00f3n en Diputados al proyecto de ley que modifica el r\u00e9gimen jubilatorio de funcionarios del Poder Judicial y el Servicio Exterior. La iniciativa fue aprobada por 128 votos a favor, provenientes del Frente de Todos y otras bancadas opositoras, y s\u00f3lo hubo dos abstenciones.<\/p>\n<p>La sesi\u00f3n estaba fijada para las 12.15. A esa hora, faltaban m\u00e1s de 30 diputados para alcanzar los 129 que son necesarios para llegar al qu\u00f3rum. Los legisladores de la izquierda Nicol\u00e1s del Ca\u00f1o y Romina del Pla, y Alma Sapag, del Movimiento Popular Neuquino; eran los \u00fanicos legisladores opositores sentados en sus bancas. Media hora despu\u00e9s, la diputada oficialista Cristina \u00c1lvarez Rodr\u00edguez recib\u00eda personalmente en el hemiciclo a los cordobeses Alejandra Vigo, Claudia M\u00e1rquez, Paulo Cassinerio y Carlos Guti\u00e9rrez, del bloque de C\u00f3rdoba Federal. Su presencia tuvo m\u00e1s peso que otras veces, ya que fueron los \u00fanicos del interbloque Federal, que conduce Eduardo Bucca, que se presentaron en el recinto.<\/p>\n<p>Preocupado por la ausencia de propios y ajenos, mientras el reloj corr\u00eda, el presidente de la C\u00e1mara de Diputados, Sergio Massa, ped\u00eda a los legisladores que se sentaran en sus asientos. Cuando se cumpli\u00f3 la media hora estipulada por reglamento para el inicio de la sesi\u00f3n, el dirigente del Frente Renovador concedi\u00f3 15 minutos de pr\u00f3rroga. De a poco empezaron a ingresar los ocho integrantes del interbloque de Unidad Federal para el Desarrollo, que preside Jos\u00e9 Luis Ram\u00f3n. Luego, apurado, arrib\u00f3 Eduardo Vald\u00e9s, del Frente de Todos.<\/p>\n<p>Cuando faltaba un minuto para que se cumpliera el tiempo extra la diputada oficialista Mabel Caparr\u00f3s se sent\u00f3 a las corridas en su banca y el oficialismo festej\u00f3 el qu\u00f3rum. R\u00e1pido, casi en su totalidad, los diputados del interbloque de Juntos por el Cambio aparecieron detr\u00e1s del cortinado. Su presidente, Mario Negri, pidi\u00f3 la palabra para cuestionar la presencia de Daniel Scioli, que fue designado embajador en Brasil. &#8220;No vamos a aceptar este atropello de armar qu\u00f3rum con un embajador&#8221;, advirti\u00f3 el diputado radical. Y remarc\u00f3: &#8220;Esto es una enorme anormalidad&#8221;.<\/p>\n<p>&nbsp;<\/p>\n<p><strong>Gritos y protestas por Scioli<\/strong><\/p>\n<p>Entre los gritos de los diputados macristas Cristian Ritondo y Fernando Iglesias, y Juan L\u00f3pez, de la Coalici\u00f3n C\u00edvica- ARI, para que no se contin\u00fae con la sesi\u00f3n; Massa aclar\u00f3 que Scioli a\u00fan no hab\u00eda presentado su renuncia como diputado y record\u00f3 que su designaci\u00f3n como embajador se oficializar\u00eda reci\u00e9n &#8220;cuando se haya publicado en el Bolet\u00edn Oficial&#8221;, algo que hasta el momento no sucedi\u00f3.<\/p>\n<p>El pliego de Scioli se aprob\u00f3 en el Senado la semana pasada, sin embargo fuentes del oficialismo remarcaron que &#8220;todav\u00eda no renunci\u00f3 a su banca de diputado, ni fue designado formalmente por decreto presidencial&#8221;. Si bien el propio ex gobernador bonaerense sostuvo que asumir\u00eda su cargo como embajador el pr\u00f3ximo 3 de marzo, desde el Frente de Todos se\u00f1alaron que su asunci\u00f3n se podr\u00eda retrasar unos d\u00edas.<\/p>\n<p>Mientras Juntos por el Cambio reiteraba su pedido para levantar la sesi\u00f3n, el presidente de la comisi\u00f3n de Previsi\u00f3n y Seguridad Social, Marcelo Casaretto, comenz\u00f3 su exposici\u00f3n. Negri volvi\u00f3 a tomar la palabra y advirti\u00f3 que si no se atend\u00eda su reclamo, desde el interbloque judicializar\u00edan la sesi\u00f3n y, de inmediato, se levantaron de sus bancas.<\/p>\n<p>Cuando emprend\u00edan la retirada, Vald\u00e9s se acerc\u00f3 a Negri y empez\u00f3 una discusi\u00f3n acalorada. &#8220;No midas mi \u00e9tica&#8221;, le reproch\u00f3 el ex embajador en el Vaticano al legislador radical.<\/p>\n<p>&#8220;Scioli ya recibi\u00f3 el pl\u00e1cet por parte del presidente de Brasil. No resiste el menor an\u00e1lisis lo que plantea el oficialismo. Vamos a judicializar&#8221;, dijo a BAE Negocios el legislador radical Alfredo Cornejo, de Juntos por el Cambio. En tanto, su compa\u00f1ero de bloque Alejandro Cacace, autor de un proyecto para reformar el r\u00e9gimen jubilatorio del Poder Judicial, en base al cual el interbloque opositor elabor\u00f3 su dictamen de minor\u00eda, apunt\u00f3 que &#8220;Juntos por el Cambio est\u00e1n de acuerdo con cambiar las jubilaciones de privilegio pero no salte\u00e1ndose las normas que corresponden&#8221;.<\/p>\n<p>Para ese momento, el enojo en Juntos por el Cambio era con Massa por no haber llamado a &#8220;un cuarto intermedio&#8221;, pero tambi\u00e9n dentro del propio interbloque se pasaban factura por haber quedado &#8220;pegados a los jueces&#8221;.<\/p>\n<p>En su intervenci\u00f3n en el recinto, el diputado oficialista Carlos Heller sostuvo que Juntos por el Cambio &#8220;quiere impedir que se haga una reforma al sistema jubilatorio de los magistrados y diplom\u00e1ticos&#8221; debido a &#8220;la obsecuencia que este espacio pol\u00edtico siempre ha tenido con el Poder Judicial&#8221;. Y concluy\u00f3: &#8220;Estamos ante una maniobra burda de querer usar cuestiones formales para tratar de embarrar la legitimidad de una sesi\u00f3n que se ha constituido de pleno derecho&#8221;.<\/p>\n<p>Desde el Frente de Todos sosten\u00edan que &#8220;la excusa de Juntos por el Cambio para no dar qu\u00f3rum era que el oficialismo no pon\u00eda la cl\u00e1usula y ahora que se lleg\u00f3 al qu\u00f3rum la excusa para no participar de la sesi\u00f3n y, adem\u00e1s, cuestionarla es que Scioli fue designado embajador&#8221;.<\/p>\n<p>A las 16, el oficialismo dio media sanci\u00f3n al proyecto, con los votos de los 114 diputados del Frente de Todos presentes -cuatro estuvieron ausentes-, 8 del interbloque de Unidad Federal para el Desarrollo, 4 del bloque C\u00f3rdoba Federal; Alma Sapag, del Movimiento Popular Neuquino; y Alejandro Rodr\u00edguez, de Consenso Federal.<\/p>\n<p>Por pedido de los gremios judiciales, la bancada oficialista acept\u00f3 incorporar a los prosecretarios administrativos y jefes de despacho en el r\u00e9gimen especial, tal como est\u00e1n actualmente. En el texto original, los pasaban al r\u00e9gimen general.<\/p>\n<p>El d\u00eda anterior, en el plenario de comisiones, hab\u00edan realizado otros cambios, en los que fijaban la edad jubilatoria para las mujeres en 60 a\u00f1os y para los hombres en 65 a\u00f1os, de manera escalonada; y eliminaban el inciso que planteaba que era necesario haberse desempe\u00f1ado como m\u00ednimo 20 a\u00f1os en el Poder Judicial.<\/p>\n","protected":false},"excerpt":{"rendered":"<p>El bloque de Juntos por el Cambio se retir\u00f3 del recinto en protesta por la presencia de Scioli. El Frente de Todos cont\u00f3 con el n\u00famero justo y se define cu\u00e1ndo pasa al Senado &nbsp; &nbsp; &nbsp; Con la ausencia del interbloque de Juntos por el Cambio y en tan s\u00f3lo tres horas de debate, el oficialismo logr\u00f3 dar media sanci\u00f3n en Diputados al proyecto de ley que modifica el r\u00e9gimen jubilatorio de funcionarios del Poder Judicial y el Servicio Exterior. La iniciativa fue aprobada por 128 votos a favor,&#8230;<\/p>\n","protected":false},"author":3,"featured_media":58330,"comment_status":"closed","ping_status":"closed","sticky":false,"template":"","format":"standard","meta":[],"categories":[18],"tags":[],"_links":{"self":[{"href":"https:\/\/www.actualidadadiario.com\/index.php\/wp-json\/wp\/v2\/posts\/58329"}],"collection":[{"href":"https:\/\/www.actualidadadiario.com\/index.php\/wp-json\/wp\/v2\/posts"}],"about":[{"href":"https:\/\/www.actualidadadiario.com\/index.php\/wp-json\/wp\/v2\/types\/post"}],"author":[{"embeddable":true,"href":"https:\/\/www.actualidadadiario.com\/index.php\/wp-json\/wp\/v2\/users\/3"}],"replies":[{"embeddable":true,"href":"https:\/\/www.actualidadadiario.com\/index.php\/wp-json\/wp\/v2\/comments?post=58329"}],"version-history":[{"count":1,"href":"https:\/\/www.actualidadadiario.com\/index.php\/wp-json\/wp\/v2\/posts\/58329\/revisions"}],"predecessor-version":[{"id":58331,"href":"https:\/\/www.actualidadadiario.com\/index.php\/wp-json\/wp\/v2\/posts\/58329\/revisions\/58331"}],"wp:featuredmedia":[{"embeddable":true,"href":"https:\/\/www.actualidadadiario.com\/index.php\/wp-json\/wp\/v2\/media\/58330"}],"wp:attachment":[{"href":"https:\/\/www.actualidadadiario.com\/index.php\/wp-json\/wp\/v2\/media?parent=58329"}],"wp:term":[{"taxonomy":"category","embeddable":true,"href":"https:\/\/www.actualidadadiario.com\/index.php\/wp-json\/wp\/v2\/categories?post=58329"},{"taxonomy":"post_tag","embeddable":true,"href":"https:\/\/www.actualidadadiario.com\/index.php\/wp-json\/wp\/v2\/tags?post=58329"}],"curies":[{"name":"wp","href":"https:\/\/api.w.org\/{rel}","templated":true}]}}