{"id":58326,"date":"2020-02-28T12:17:42","date_gmt":"2020-02-28T15:17:42","guid":{"rendered":"https:\/\/www.actualidadadiario.com\/?p=58326"},"modified":"2020-02-28T12:17:42","modified_gmt":"2020-02-28T15:17:42","slug":"el-gobierno-puso-en-suspenso-la-suba-de-retenciones-y-abrio-un-cuarto-intermedio-con-el-campo","status":"publish","type":"post","link":"https:\/\/www.actualidadadiario.com\/index.php\/2020\/02\/28\/el-gobierno-puso-en-suspenso-la-suba-de-retenciones-y-abrio-un-cuarto-intermedio-con-el-campo\/","title":{"rendered":"El Gobierno puso en suspenso la suba de retenciones y abri\u00f3 un cuarto intermedio con el campo"},"content":{"rendered":"<p style=\"text-align: center;\"><em><strong>Basterra inici\u00f3 una negociaci\u00f3n con la Mesa de Enlace. Proponen reducir el impuesto en econom\u00edas regionales y trigo a cambio de aumentar al 33% en soja. Volver\u00e1n a reunirse la semana que viene<\/strong><\/em><\/p>\n<p>&nbsp;<\/p>\n<p>&nbsp;<\/p>\n<p>Finalmente el ministro de Agricultura, Luis Basterra, se reuni\u00f3 este jueves con los presidentes de las cuatro entidades rurales nucleadas en la Mesa de Enlace (Carlos Achetoni, Daniel Pelegrina, Carlos Iannizzotto y Jorge Chemes).<\/p>\n<p>El encuentro -que dur\u00f3 tres horas- fue el primero que encar\u00f3 el funcionario con el sector agropecuario luego de oficializarse este mi\u00e9rcoles el cierre del registro de exportaciones como paso previo al aumento de retenciones del 30 al 33% al complejo sojero.<\/p>\n<p>En la reuni\u00f3n, Basterra les adelant\u00f3 a los dirigentes que la suba en los derechos de exportaci\u00f3n no ser\u00e1 anunciada el pr\u00f3ximo domingo por el Presidente Alberto Fern\u00e1ndez en el marco de la apertura de sesiones ordinarias del Congreso.<\/p>\n<p>Esta definici\u00f3n del ministro tranquiliz\u00f3 los \u00e1nimos en la Mesa de Enlace que hab\u00eda adelantado analizar medidas de fuerza en caso de que se concrete el aumento mediante el cual se calcula una recaudaci\u00f3n de alrededor de u$s 475 millones por a\u00f1o.<\/p>\n<p>De esta manera, el Gobierno abri\u00f3 canales de di\u00e1logo y negociaci\u00f3n con el campo. Ambas partes se comprometieron a volver a reunirse la semana que viene para seguir analizando el tema y posibles medidas compensatorias a la suba en la soja.<\/p>\n<p>En este sentido, Basterra habl\u00f3 de bajar las retenciones en las econom\u00edas regionales del 9 al 5% (medida que est\u00e1 siendo ultimada para ser reglamentada) y un esquema de baja del impuesto en trigo que actualmente abona un 12%.<\/p>\n<p>El ministro volvi\u00f3 a insistir con la segmentaci\u00f3n de retenciones para diferenciar el pago del impuesto entre peque\u00f1os, medianos y grandes productores y conformar, de alguna manera, un reclamo hist\u00f3rico de Federaci\u00f3n Agraria (FAA).<\/p>\n<p>Como sea, uno de los dirigentes rurales que estuvo esta tarde en las oficinas de Paseo Col\u00f3n no se fue conforme de la reuni\u00f3n: &#8220;Fue una puesta en escena para decir que hay di\u00e1logo; pero no hay avances&#8221;, dijo ante la consulta de este medio.<\/p>\n<p>Otra fuente cont\u00f3 que &#8220;pareciera que el Gobierno est\u00e1 tanteando a los productores para ver cu\u00e1nto aumento de retenciones soportan. Venden como rebajas al\u00edcuotas que se mantendr\u00e1n luego de amenazar con subirlas. No hay nada concreto&#8221;.<\/p>\n<p>En las \u00faltimas horas se generaron una serie de rumores acerca de una reuni\u00f3n secreta en la Casa Rosada entre el jefe de Gabinete, Santiago Cafiero, y un importante referente del campo en la que se le habr\u00eda pedido que salga a calmar a los autoconvocados.<\/p>\n<p>A cambio se habr\u00eda sellado una especie de pacto de &#8220;no agresi\u00f3n&#8221; y &#8220;convivencia pac\u00edfica&#8221; que, en la actual coyuntura pol\u00edtica, beneficiar\u00eda a ambas partes. Esto \u00faltimo gener\u00f3 alg\u00fan tipo de malestar entre los productores que impulsan medidas de fuerza.<\/p>\n<p>As\u00ed las cosas, el cierre del registro de exportaciones y la amenaza latente de suba de retenciones a la soja peg\u00f3 fuerte en el mercado local. En el recinto de la Bolsa de Rosario se pag\u00f3 este jueves $ 13.500 por tonelada versus $ 14.505 en la jornada previa.<\/p>\n","protected":false},"excerpt":{"rendered":"<p>Basterra inici\u00f3 una negociaci\u00f3n con la Mesa de Enlace. Proponen reducir el impuesto en econom\u00edas regionales y trigo a cambio de aumentar al 33% en soja. Volver\u00e1n a reunirse la semana que viene &nbsp; &nbsp; Finalmente el ministro de Agricultura, Luis Basterra, se reuni\u00f3 este jueves con los presidentes de las cuatro entidades rurales nucleadas en la Mesa de Enlace (Carlos Achetoni, Daniel Pelegrina, Carlos Iannizzotto y Jorge Chemes). El encuentro -que dur\u00f3 tres horas- fue el primero que encar\u00f3 el funcionario con el sector agropecuario luego de oficializarse este&#8230;<\/p>\n","protected":false},"author":3,"featured_media":58327,"comment_status":"closed","ping_status":"closed","sticky":false,"template":"","format":"standard","meta":[],"categories":[18],"tags":[],"_links":{"self":[{"href":"https:\/\/www.actualidadadiario.com\/index.php\/wp-json\/wp\/v2\/posts\/58326"}],"collection":[{"href":"https:\/\/www.actualidadadiario.com\/index.php\/wp-json\/wp\/v2\/posts"}],"about":[{"href":"https:\/\/www.actualidadadiario.com\/index.php\/wp-json\/wp\/v2\/types\/post"}],"author":[{"embeddable":true,"href":"https:\/\/www.actualidadadiario.com\/index.php\/wp-json\/wp\/v2\/users\/3"}],"replies":[{"embeddable":true,"href":"https:\/\/www.actualidadadiario.com\/index.php\/wp-json\/wp\/v2\/comments?post=58326"}],"version-history":[{"count":1,"href":"https:\/\/www.actualidadadiario.com\/index.php\/wp-json\/wp\/v2\/posts\/58326\/revisions"}],"predecessor-version":[{"id":58328,"href":"https:\/\/www.actualidadadiario.com\/index.php\/wp-json\/wp\/v2\/posts\/58326\/revisions\/58328"}],"wp:featuredmedia":[{"embeddable":true,"href":"https:\/\/www.actualidadadiario.com\/index.php\/wp-json\/wp\/v2\/media\/58327"}],"wp:attachment":[{"href":"https:\/\/www.actualidadadiario.com\/index.php\/wp-json\/wp\/v2\/media?parent=58326"}],"wp:term":[{"taxonomy":"category","embeddable":true,"href":"https:\/\/www.actualidadadiario.com\/index.php\/wp-json\/wp\/v2\/categories?post=58326"},{"taxonomy":"post_tag","embeddable":true,"href":"https:\/\/www.actualidadadiario.com\/index.php\/wp-json\/wp\/v2\/tags?post=58326"}],"curies":[{"name":"wp","href":"https:\/\/api.w.org\/{rel}","templated":true}]}}