{"id":58323,"date":"2020-02-28T12:15:49","date_gmt":"2020-02-28T15:15:49","guid":{"rendered":"https:\/\/www.actualidadadiario.com\/?p=58323"},"modified":"2020-02-28T12:15:49","modified_gmt":"2020-02-28T15:15:49","slug":"los-que-colonizaron-la-justicia-fueron-ellos","status":"publish","type":"post","link":"https:\/\/www.actualidadadiario.com\/index.php\/2020\/02\/28\/los-que-colonizaron-la-justicia-fueron-ellos\/","title":{"rendered":"&#8220;Los que colonizaron la justicia fueron ellos&#8221;"},"content":{"rendered":"<p style=\"text-align: center;\"><em><strong>Alberto Fern\u00e1ndez advirti\u00f3 hoy que su gobierno no pretende inducir a ning\u00fan juez a jubilarse. El Presidente habl\u00f3 del tema tras la aprobaci\u00f3n en Diputados del proyecto que modifica las jubilaciones de privilegio de los integrantes del Poder Judicial y diplom\u00e1ticos y sali\u00f3 al cruce de los opositores. &#8220;Los que colonizaron la justicia fueron ellos&#8221;, remarc\u00f3 y anunci\u00f3 que la semana pr\u00f3xima enviar\u00e1 al Congreso el proyecto de reforma de la Justicia<\/strong><\/em><\/p>\n<p>&nbsp;<\/p>\n<p>&nbsp;<\/p>\n<p>La C\u00e1mara baja dio ayer el primer paso para cambiar el r\u00e9gimen previsional de privilegio de los jueces al dar media sanci\u00f3n a la iniciativa impulsada por el Ejecutivo. El proyecto fue aprobado en el marco de una sesi\u00f3n para la cual los opositores no dieron quorum y de la que optaron por retirarse tras rechazar la modificaci\u00f3n de las jubilaciones de los jueces y criticar el modo en que el oficialismo reuni\u00f3 el n\u00famero de diputados para habilitar el tratamiento.<\/p>\n<p>Del lado de los jueces, Juntos para el Cambio sostiene que mediante el cambio de sus jubilaciones de privilegio el Gobierno busca forzar a los magistrados a dejar sus cargos para luego reemplazarlos. &#8220;Yo no tengo ning\u00fan inter\u00e9s en que ninguno se jubile y se vaya; nadie est\u00e1 buscando semejante cosa&#8221;, declar\u00f3 el Presidente, en una entrevista con Radio 10.<\/p>\n<p>Fern\u00e1ndez tambi\u00e9n tuvo palabras para los jueces que pretenden mantener sus privilegios. &#8220;Sean dignos&#8221;, les pidi\u00f3 y llam\u00f3 a que &#8220;sigan trabajando&#8221; con la convicci\u00f3n de que &#8220;tienen que hacer un aporte distinto a la Argentina&#8221;.<\/p>\n<p>El mandatario explic\u00f3 a favor del cambio en las jubilaciones de privilegio de los jueces ese r\u00e9gimen genera un costo fiscal \u201calt\u00edsimo\u201d e \u201cinsoportable\u201d para el presente que atraviesa el pa\u00eds. Remarc\u00f3 tambi\u00e9n que varios magistrados ganan hasta tres veces m\u00e1s que un senador y hasta el propio presidente.<\/p>\n<p>Sobre la posibilidad de que muchos de los jueces renuncien para conservar los beneficios del r\u00e9gimen actual, Fern\u00e1ndez reconoci\u00f3 que aquellos que sientan que deben \u201cprivilegiar su bolsillo\u201d sobre el derecho de justicia \u201ctambi\u00e9n tienen derecho a hacerlo\u201d, ya que se trata de un derecho adquirido.<\/p>\n<p>\u201cDecir que uno est\u00e1 haciendo esto para vaciar la justicia\u2026\u201d, respondi\u00f3 con iron\u00eda Fern\u00e1ndez las cr\u00edticas del macrismo. Acto seguido, el mandatario retruc\u00f3 que fueron ellos quienes manipularon al Poder Judicial durante los \u00faltimos cuatro a\u00f1os. \u201cLos que colonizaron la justicia fueron ellos, yo ni siquiera estoy buscando que alguno de los jueces que pusieron ellos tenga que jubilarse, ni siquiera estoy buscando eso\u201d, aclar\u00f3.<\/p>\n<p>En este sentido, Alberto Fern\u00e1ndez remarc\u00f3 que desde la Casa Rosada, durante la gesti\u00f3n de Mauricio Macri, \u201chicieron lo que quisieron en la justicia, manejaron el Consejo de la Magistratura como quisieron\u201d. El Presidente agreg\u00f3, que en la apertura de sesiones ordinarias presentar\u00e1 los lineamientos generales del proyecto de reforma judicial.<\/p>\n<p>&#8220;B\u00e1sicamente trata de poner en orden y funcionamiento a la Justicia que le corresponde al Estado nacional&#8221;, explic\u00f3 sobre la iniciativa y agreg\u00f3 que busca &#8220;empezar a ordenar eso, ver qu\u00e9 hacemos con los tribunales ordinarios y la Ciudad, porque hay que traspasarles ciertas jurisdicciones a la Ciudad y estamos demorados, entre otras cosas&#8221;.<\/p>\n<p>Fern\u00e1ndez dijo saber de qu\u00e9 habla cuando se refiere a la situaci\u00f3n del Poder Judicial. \u201cSoy abogado y ense\u00f1o derecho. La Justicia necesita una revisi\u00f3n. Llegamos a un punto en el que las cosas no est\u00e1n funcionando bien\u201d, enfatiz\u00f3.<\/p>\n<p>Consultado sobre la media sanci\u00f3n que consigui\u00f3 ayer Diputados tras la maniobra de la oposici\u00f3n, Fern\u00e1ndez sostuvo que representa \u201cun avance en favor de la igualdad\u201d. \u201cHay que entender que la Argentina est\u00e1 pasando por un momento muy dif\u00edcil, donde la jubilaci\u00f3n promedio es de 24 mil pesos y que entonces estos reg\u00edmenes son insoportables con la l\u00f3gica del presente\u201d, sostuvo y agreg\u00f3 que la jubilaci\u00f3n promedio de los jueces es de 300 mil pesos.<\/p>\n<p>\u201cLa justicia argentina necesita una revisi\u00f3n\u201d, dijo en l\u00edneas generales al anticipar el proyecto que presentar\u00e1 en la apertura de sesiones. En este sentido, sobre los sueldos y jubilaciones de privilegios dijo que el sistema judicial \u201cse aleja en t\u00e9rminos econ\u00f3micos del resto de la Argentina\u201d. \u201cExpl\u00edcame c\u00f3mo la Corte tienen 40 mil millones de pesos de ahorro en un plazo fijo mientras los tribunales est\u00e1n sobrepasados y muchos trabajan en condiciones paup\u00e9rrimas\u201d, critic\u00f3.<\/p>\n","protected":false},"excerpt":{"rendered":"<p>Alberto Fern\u00e1ndez advirti\u00f3 hoy que su gobierno no pretende inducir a ning\u00fan juez a jubilarse. El Presidente habl\u00f3 del tema tras la aprobaci\u00f3n en Diputados del proyecto que modifica las jubilaciones de privilegio de los integrantes del Poder Judicial y diplom\u00e1ticos y sali\u00f3 al cruce de los opositores. &#8220;Los que colonizaron la justicia fueron ellos&#8221;, remarc\u00f3 y anunci\u00f3 que la semana pr\u00f3xima enviar\u00e1 al Congreso el proyecto de reforma de la Justicia &nbsp; &nbsp; La C\u00e1mara baja dio ayer el primer paso para cambiar el r\u00e9gimen previsional de privilegio de&#8230;<\/p>\n","protected":false},"author":3,"featured_media":58324,"comment_status":"closed","ping_status":"closed","sticky":false,"template":"","format":"standard","meta":[],"categories":[9],"tags":[],"_links":{"self":[{"href":"https:\/\/www.actualidadadiario.com\/index.php\/wp-json\/wp\/v2\/posts\/58323"}],"collection":[{"href":"https:\/\/www.actualidadadiario.com\/index.php\/wp-json\/wp\/v2\/posts"}],"about":[{"href":"https:\/\/www.actualidadadiario.com\/index.php\/wp-json\/wp\/v2\/types\/post"}],"author":[{"embeddable":true,"href":"https:\/\/www.actualidadadiario.com\/index.php\/wp-json\/wp\/v2\/users\/3"}],"replies":[{"embeddable":true,"href":"https:\/\/www.actualidadadiario.com\/index.php\/wp-json\/wp\/v2\/comments?post=58323"}],"version-history":[{"count":1,"href":"https:\/\/www.actualidadadiario.com\/index.php\/wp-json\/wp\/v2\/posts\/58323\/revisions"}],"predecessor-version":[{"id":58325,"href":"https:\/\/www.actualidadadiario.com\/index.php\/wp-json\/wp\/v2\/posts\/58323\/revisions\/58325"}],"wp:featuredmedia":[{"embeddable":true,"href":"https:\/\/www.actualidadadiario.com\/index.php\/wp-json\/wp\/v2\/media\/58324"}],"wp:attachment":[{"href":"https:\/\/www.actualidadadiario.com\/index.php\/wp-json\/wp\/v2\/media?parent=58323"}],"wp:term":[{"taxonomy":"category","embeddable":true,"href":"https:\/\/www.actualidadadiario.com\/index.php\/wp-json\/wp\/v2\/categories?post=58323"},{"taxonomy":"post_tag","embeddable":true,"href":"https:\/\/www.actualidadadiario.com\/index.php\/wp-json\/wp\/v2\/tags?post=58323"}],"curies":[{"name":"wp","href":"https:\/\/api.w.org\/{rel}","templated":true}]}}