{"id":58301,"date":"2020-02-28T12:09:44","date_gmt":"2020-02-28T15:09:44","guid":{"rendered":"https:\/\/www.actualidadadiario.com\/?p=58301"},"modified":"2020-02-28T12:09:44","modified_gmt":"2020-02-28T15:09:44","slug":"el-estado-vuelve-a-garantizar-la-vacuna-antimeningococica-que-el-macrismo-habia-quitado-del-calendario","status":"publish","type":"post","link":"https:\/\/www.actualidadadiario.com\/index.php\/2020\/02\/28\/el-estado-vuelve-a-garantizar-la-vacuna-antimeningococica-que-el-macrismo-habia-quitado-del-calendario\/","title":{"rendered":"El Estado vuelve a garantizar la vacuna antimeningoc\u00f3cica, que el macrismo hab\u00eda quitado del calendario"},"content":{"rendered":"<p style=\"text-align: center;\"><em><strong>Lo anunci\u00f3 el ministro de Salud Gin\u00e9s Gonz\u00e1lez Garc\u00eda. Se adquirieron 1.200.000 dosis para inmunizar a ni\u00f1os y ni\u00f1as de 11 a\u00f1os contra el meningococo, que la primera semana de marzo estar\u00e1n disponibles en vacunatorios de todo el pa\u00eds. En agosto de 2018, Cambiemos hab\u00eda suspendido su aplicaci\u00f3n<\/strong><\/em><\/p>\n<p>&nbsp;<\/p>\n<p>&nbsp;<\/p>\n<p>El ministro de Salud Gin\u00e9s Gonz\u00e1lez Garc\u00eda anunci\u00f3 este jueves la regularizaci\u00f3n de la administraci\u00f3n de la vacuna antimeningoc\u00f3cica, a partir de la adquisici\u00f3n de 1.200.000 dosis, que permitir\u00e1n garantizar desde la primera semana de marzo la inmunizaci\u00f3n contra el meningococo en los ni\u00f1os de 11 a\u00f1os.<\/p>\n<p>Se trata de la vacuna cuya presencia en el Calendario Nacional de Vacunaci\u00f3n hab\u00eda sido interrumpida en agosto de 2018, y que ahora vuelve a estar disponible en vacunatorios de todo el pa\u00eds.<\/p>\n<p>El anuncio fue realizado desde C\u00f3rdoba, durante la reuni\u00f3n del Consejo Federal de Salud (COFESA), que congrega a todos los ministros de Salud del pa\u00eds. \u201cLa vacunaci\u00f3n es una prioridad en la pol\u00edtica de Estado\u201d, sostuvo Gonz\u00e1lez Garc\u00eda, que se refiri\u00f3 a la provisi\u00f3n de vacunas para la pr\u00f3xima campa\u00f1a de invierno.<\/p>\n<p>Gin\u00e9s tambi\u00e9n inform\u00f3 que se distribuyeron 8.000.000 de dosis extra contra el sarampi\u00f3n, para hacer frente al brote en curso que afecta regiones del \u00c1rea Metropolitana, con 144 casos acumulados, y que provoc\u00f3 una muerte la semana pasada, situaci\u00f3n que no se produc\u00eda desde 1998.<\/p>\n<p>En el encuentro, los ministros discutieron las actuales alertas a nivel sanitario que preocupan al pa\u00eds. La principal, reiteraron, es el dengue, que desde mediados de 2019 registra un nuevo ciclo epid\u00e9mico en Am\u00e9rica Latina con la potencialidad de afectar fuertemente a la Argentina.<\/p>\n<p>Respecto de la emergencia de salud p\u00fablica internacional por la aparici\u00f3n del nuevo coronavirus detectado en China, que llev\u00f3 a implementar mecanismos de preparaci\u00f3n y respuesta para hacer frente ante la aparici\u00f3n de cualquier caso sospechoso, Gin\u00e9s reiter\u00f3 que no hay casos confirmados de COVID-19 en el pa\u00eds, y que si bien \u201cha habido varios casos sospechosos, entre 18 y 20 situaciones que fueron analizadas, todas ellas han sido negativas. \u201cSeguimos con un sistema de alerta temprana, aislamiento y, en caso de ser positivo, tratamiento del caso adem\u00e1s de contenci\u00f3n para que no se disemine el virus\u201d, agreg\u00f3.<\/p>\n<p>La vacuna contra el meningococo, cuya aplicaci\u00f3n vuelve a garantizarse, forma parte del Calendario Nacional de Vacunaci\u00f3n de forma gratuita y obligatoria para beb\u00e9s de 3, 5 y 15 meses, y para los ni\u00f1os y ni\u00f1as de 11 a\u00f1os. El meningococo es una bacteria que provoca enfermedades graves como la meningitis (que es la inflamaci\u00f3n de la membrana que cubre el cerebros), y sepsis (una infecci\u00f3n generalizada) cuyas consecuencias pueden ser fatales o dejar secuelas neurol\u00f3gicas irreversibles como p\u00e9rdida de la audici\u00f3n y discapacidad neurol\u00f3gica, entre otras.<\/p>\n<p>En agosto de 2018, la gesti\u00f3n Cambiemos hab\u00eda suspendido la aplicaci\u00f3n de la vacuna antimeningoc\u00f3cica a unos 750 mil ni\u00f1os de 11 a\u00f1os que deb\u00edan recibirla en 2018, sin dar razones p\u00fablicas para esa decisi\u00f3n regresiva en materia de pol\u00edticas sanitarias, m\u00e1s que la excusa de que hubo dificultades burocr\u00e1ticas en los mecanismos de adquisici\u00f3n y entrega de las dosis.<\/p>\n<p>En enero de este a\u00f1o, la Justicia confirm\u00f3 una condena al Estado por esa decisi\u00f3n, y orden\u00f3 hacer p\u00fablica toda la informaci\u00f3n relativa a esa medida que afectaba la salud de los ni\u00f1os, a ra\u00edz de un planteo realizado por la Asociaci\u00f3n Civil por la Igualdad y la Justicia (ACIJ).<\/p>\n<p>\u201cLas decisiones relativas a cambios en la poblaci\u00f3n que se propuso vacunar, as\u00ed como las demoras en la entrega de las dosis correspondientes que tuvieron lugar en los \u00faltimos a\u00f1os, son circunstancias relevantes de la pol\u00edtica general de inmunizaci\u00f3n de la poblaci\u00f3n, sobre las que la ciudadan\u00eda tiene derecho a conocer sus alcances y motivos, dado que pueden implicar restricciones en el derecho a la salud, impactando en muchos casos en los grupos m\u00e1s vulnerables\u201d, dice el fallo.<\/p>\n<p>Ahora, las nuevas autoridades de la cartera sanitaria nacional anuncian que el derecho a la inmunizaci\u00f3n contra el meningococo est\u00e1 garantizado para todos los ni\u00f1os y ni\u00f1as de 11 a\u00f1os.<\/p>\n","protected":false},"excerpt":{"rendered":"<p>Lo anunci\u00f3 el ministro de Salud Gin\u00e9s Gonz\u00e1lez Garc\u00eda. Se adquirieron 1.200.000 dosis para inmunizar a ni\u00f1os y ni\u00f1as de 11 a\u00f1os contra el meningococo, que la primera semana de marzo estar\u00e1n disponibles en vacunatorios de todo el pa\u00eds. En agosto de 2018, Cambiemos hab\u00eda suspendido su aplicaci\u00f3n &nbsp; &nbsp; El ministro de Salud Gin\u00e9s Gonz\u00e1lez Garc\u00eda anunci\u00f3 este jueves la regularizaci\u00f3n de la administraci\u00f3n de la vacuna antimeningoc\u00f3cica, a partir de la adquisici\u00f3n de 1.200.000 dosis, que permitir\u00e1n garantizar desde la primera semana de marzo la inmunizaci\u00f3n contra el&#8230;<\/p>\n","protected":false},"author":3,"featured_media":58302,"comment_status":"closed","ping_status":"closed","sticky":false,"template":"","format":"standard","meta":[],"categories":[9],"tags":[],"_links":{"self":[{"href":"https:\/\/www.actualidadadiario.com\/index.php\/wp-json\/wp\/v2\/posts\/58301"}],"collection":[{"href":"https:\/\/www.actualidadadiario.com\/index.php\/wp-json\/wp\/v2\/posts"}],"about":[{"href":"https:\/\/www.actualidadadiario.com\/index.php\/wp-json\/wp\/v2\/types\/post"}],"author":[{"embeddable":true,"href":"https:\/\/www.actualidadadiario.com\/index.php\/wp-json\/wp\/v2\/users\/3"}],"replies":[{"embeddable":true,"href":"https:\/\/www.actualidadadiario.com\/index.php\/wp-json\/wp\/v2\/comments?post=58301"}],"version-history":[{"count":1,"href":"https:\/\/www.actualidadadiario.com\/index.php\/wp-json\/wp\/v2\/posts\/58301\/revisions"}],"predecessor-version":[{"id":58303,"href":"https:\/\/www.actualidadadiario.com\/index.php\/wp-json\/wp\/v2\/posts\/58301\/revisions\/58303"}],"wp:featuredmedia":[{"embeddable":true,"href":"https:\/\/www.actualidadadiario.com\/index.php\/wp-json\/wp\/v2\/media\/58302"}],"wp:attachment":[{"href":"https:\/\/www.actualidadadiario.com\/index.php\/wp-json\/wp\/v2\/media?parent=58301"}],"wp:term":[{"taxonomy":"category","embeddable":true,"href":"https:\/\/www.actualidadadiario.com\/index.php\/wp-json\/wp\/v2\/categories?post=58301"},{"taxonomy":"post_tag","embeddable":true,"href":"https:\/\/www.actualidadadiario.com\/index.php\/wp-json\/wp\/v2\/tags?post=58301"}],"curies":[{"name":"wp","href":"https:\/\/api.w.org\/{rel}","templated":true}]}}