{"id":58299,"date":"2020-02-28T12:08:55","date_gmt":"2020-02-28T15:08:55","guid":{"rendered":"https:\/\/www.actualidadadiario.com\/?p=58299"},"modified":"2020-02-28T12:08:55","modified_gmt":"2020-02-28T15:08:55","slug":"se-dilata-la-definicion-del-concurso-para-cubrir-la-presidencia-del-tribunal-de-cuentas","status":"publish","type":"post","link":"https:\/\/www.actualidadadiario.com\/index.php\/2020\/02\/28\/se-dilata-la-definicion-del-concurso-para-cubrir-la-presidencia-del-tribunal-de-cuentas\/","title":{"rendered":"Se dilata la definici\u00f3n del concurso para cubrir la presidencia del Tribunal de Cuentas"},"content":{"rendered":"<p style=\"text-align: center;\"><em><strong>El concurso para definir qui\u00e9n ocupar\u00e1 la presidencia del Tribunal de Cuentas (TdeC) est\u00e1 todav\u00eda demorado en su primera etapa, la prueba escrita. Los jurados del Consejo de la Magistratura, seg\u00fan informaron fuentes oficiales, a\u00fan est\u00e1n evaluando las pruebas que tomaron en noviembre del a\u00f1o pasado a los 10 postulantes que siguen en carrera. Tambi\u00e9n viene con retraso el proceso para seleccionar qui\u00e9nes ocupar\u00e1n vocal\u00edas<\/strong><\/em><\/p>\n<p>&nbsp;<\/p>\n<p>&nbsp;<\/p>\n<p>El 7 de agosto del 2019 finaliz\u00f3 el proceso de inscripci\u00f3n para concursar por la presidencia del Tribunal de Cuentas de la provincia y de varias de sus vocal\u00edas, reservadas para abogados o contadores.<\/p>\n<p>Un mes y medio despu\u00e9s, el 23 de septiembre, el Consejo de la Magistratura emiti\u00f3 la resoluci\u00f3n N\u00ba 1, en la cual admit\u00eda a quienes se anotaron como postulantes. Eran hasta ese momento 14 profesionales del derecho los registrados para competir por la presidencia.<\/p>\n<p>Casi dos meses despu\u00e9s, el 19 de noviembre, se realiz\u00f3 la prueba de oposici\u00f3n oral en la Facultad de Ciencia y Tecnolog\u00eda de la Uader en Oro Verde. Este paso fue cumplido por diez postulantes, que son los que siguen, hasta el momento, en carrera por la titularidad del organismo de control.<\/p>\n<p>Tres meses despu\u00e9s de esta evaluaci\u00f3n, candidatos y candidatas est\u00e1n a\u00fan a la espera de que se conozca el resultado de esa prueba. Tanto este concurso como los realizados en paralelo para ocupar vocal\u00edas est\u00e1n \u201cen etapa de evaluaci\u00f3n\u201d, indicaron las fuentes oficiales consultadas por esta Agencia. En concreto, apuntaron que \u201clos jurados est\u00e1n corrigiendo\u201d los ex\u00e1menes.<\/p>\n<p>&nbsp;<\/p>\n<p><strong>Tiempo<\/strong><\/p>\n<p>Actualmente, el TdeC est\u00e1 a cargo de un presidente provisorio designado por el gobernador Gustavo Bordet. Se trata de Federico Tomas, un hombre de carrera en el organismo de control, que entr\u00f3 en funciones el 16 de agosto de 2016.<\/p>\n<p>\u201cEn el plazo perentorio que nos otorga la Ley trabajaremos para que se realicen los concursos necesarios para cubrir las vacantes que faltan y obviamente la presidencia del Tribunal de Cuentas, dando cumplimiento a lo que la Constituci\u00f3n de la provincia establece&#8221;, dijo en la oportunidad el mandatario provincial, recordando la por entonces reciente sanci\u00f3n de la ley que regulaba la designaci\u00f3n por concurso de las autoridades del TdeC.<\/p>\n<p>&nbsp;<\/p>\n<p><strong>Nombres<\/strong><\/p>\n<p>Diez postulantes a\u00fan tienen posibilidad de llegar a conducir el organismo de contralo. Se trata de: Lisando Fidel Amavet; Juan Carlos Arralde; Miguel \u00c1ngel Arr\u00faa Gobo; Adri\u00e1n Esteban Barsanti; H\u00e9ctor Hugo Bergara; Roberto Alexis Cosundino; Diego Lucio Nicol\u00e1s Lara; Federico Felipe Tomas -actual presidente interino del organismo-; Flavio Omar Turuguet y Nanci Vinagre.<\/p>\n","protected":false},"excerpt":{"rendered":"<p>El concurso para definir qui\u00e9n ocupar\u00e1 la presidencia del Tribunal de Cuentas (TdeC) est\u00e1 todav\u00eda demorado en su primera etapa, la prueba escrita. Los jurados del Consejo de la Magistratura, seg\u00fan informaron fuentes oficiales, a\u00fan est\u00e1n evaluando las pruebas que tomaron en noviembre del a\u00f1o pasado a los 10 postulantes que siguen en carrera. Tambi\u00e9n viene con retraso el proceso para seleccionar qui\u00e9nes ocupar\u00e1n vocal\u00edas &nbsp; &nbsp; El 7 de agosto del 2019 finaliz\u00f3 el proceso de inscripci\u00f3n para concursar por la presidencia del Tribunal de Cuentas de la provincia&#8230;<\/p>\n","protected":false},"author":3,"featured_media":46669,"comment_status":"closed","ping_status":"closed","sticky":false,"template":"","format":"standard","meta":[],"categories":[15],"tags":[],"_links":{"self":[{"href":"https:\/\/www.actualidadadiario.com\/index.php\/wp-json\/wp\/v2\/posts\/58299"}],"collection":[{"href":"https:\/\/www.actualidadadiario.com\/index.php\/wp-json\/wp\/v2\/posts"}],"about":[{"href":"https:\/\/www.actualidadadiario.com\/index.php\/wp-json\/wp\/v2\/types\/post"}],"author":[{"embeddable":true,"href":"https:\/\/www.actualidadadiario.com\/index.php\/wp-json\/wp\/v2\/users\/3"}],"replies":[{"embeddable":true,"href":"https:\/\/www.actualidadadiario.com\/index.php\/wp-json\/wp\/v2\/comments?post=58299"}],"version-history":[{"count":1,"href":"https:\/\/www.actualidadadiario.com\/index.php\/wp-json\/wp\/v2\/posts\/58299\/revisions"}],"predecessor-version":[{"id":58300,"href":"https:\/\/www.actualidadadiario.com\/index.php\/wp-json\/wp\/v2\/posts\/58299\/revisions\/58300"}],"wp:featuredmedia":[{"embeddable":true,"href":"https:\/\/www.actualidadadiario.com\/index.php\/wp-json\/wp\/v2\/media\/46669"}],"wp:attachment":[{"href":"https:\/\/www.actualidadadiario.com\/index.php\/wp-json\/wp\/v2\/media?parent=58299"}],"wp:term":[{"taxonomy":"category","embeddable":true,"href":"https:\/\/www.actualidadadiario.com\/index.php\/wp-json\/wp\/v2\/categories?post=58299"},{"taxonomy":"post_tag","embeddable":true,"href":"https:\/\/www.actualidadadiario.com\/index.php\/wp-json\/wp\/v2\/tags?post=58299"}],"curies":[{"name":"wp","href":"https:\/\/api.w.org\/{rel}","templated":true}]}}