{"id":58296,"date":"2020-02-28T12:08:14","date_gmt":"2020-02-28T15:08:14","guid":{"rendered":"https:\/\/www.actualidadadiario.com\/?p=58296"},"modified":"2020-02-28T12:08:14","modified_gmt":"2020-02-28T15:08:14","slug":"agmer-define-en-congreso-el-inicio-del-ciclo-lectivo","status":"publish","type":"post","link":"https:\/\/www.actualidadadiario.com\/index.php\/2020\/02\/28\/agmer-define-en-congreso-el-inicio-del-ciclo-lectivo\/","title":{"rendered":"Agmer define en Congreso el inicio del ciclo lectivo"},"content":{"rendered":"<p style=\"text-align: center;\"><em><strong>El Congreso se realiza a tres d\u00edas del inicio del ciclo lectivo. La paritaria salarial marcar\u00e1 la agenda de este viernes, en vistas a la oferta nacional que se conoci\u00f3 el mi\u00e9rcoles y a la convocatoria del gobierno provincial para el d\u00eda 6 \u00b7 Tambi\u00e9n se espera un debate en torno al\u00a0 anuncio del gobernador sobre la reforma del sistema previsional. As\u00ed lo explic\u00f3 el secretario general de Agmer Marcelo Pagani. \u201cSi hay un tema que hoy est\u00e1 en todas las escuelas y preocupa much\u00edsimo es justamente este anuncio\u201d, admiti\u00f3<\/strong><\/em><\/p>\n<p>&nbsp;<\/p>\n<p>&nbsp;<\/p>\n<p>El c\u00f3nclave es en Federal, a partir de las 9. \u201cClaramente siempre queremos empezar el ciclo lectivo con los chicos estudiando, con los compa\u00f1eros trabajando. Pero para eso obviamente debe existir respuesta por parte de la patronal provincial que contenga nuestras demandas\u201d, agreg\u00f3. El mi\u00e9rcoles se conoci\u00f3 la oferta en el marco de la paritaria nacional. Las provincias esperaban que se fije el piso para comenzar las negociaciones. Bordet convoc\u00f3 a los maestros para el 6.<\/p>\n<p>Sobre la agenda del Congreso, adelant\u00f3 que \u201csi hay un tema que hoy est\u00e1 en todas las escuelas y preocupa much\u00edsimo\u201d es el anuncio del gobernador sobre el proyecto que enviar\u00e1 para la \u201csustentabilidad\u201d de la Caja de Jubilaciones. \u201cGenera enorme preocupaci\u00f3n en todos los trabajadores y trabajadoras de la provincia\u201d, ratific\u00f3.<\/p>\n","protected":false},"excerpt":{"rendered":"<p>El Congreso se realiza a tres d\u00edas del inicio del ciclo lectivo. La paritaria salarial marcar\u00e1 la agenda de este viernes, en vistas a la oferta nacional que se conoci\u00f3 el mi\u00e9rcoles y a la convocatoria del gobierno provincial para el d\u00eda 6 \u00b7 Tambi\u00e9n se espera un debate en torno al\u00a0 anuncio del gobernador sobre la reforma del sistema previsional. As\u00ed lo explic\u00f3 el secretario general de Agmer Marcelo Pagani. \u201cSi hay un tema que hoy est\u00e1 en todas las escuelas y preocupa much\u00edsimo es justamente este anuncio\u201d, admiti\u00f3&#8230;<\/p>\n","protected":false},"author":3,"featured_media":58297,"comment_status":"closed","ping_status":"closed","sticky":false,"template":"","format":"standard","meta":[],"categories":[15],"tags":[],"_links":{"self":[{"href":"https:\/\/www.actualidadadiario.com\/index.php\/wp-json\/wp\/v2\/posts\/58296"}],"collection":[{"href":"https:\/\/www.actualidadadiario.com\/index.php\/wp-json\/wp\/v2\/posts"}],"about":[{"href":"https:\/\/www.actualidadadiario.com\/index.php\/wp-json\/wp\/v2\/types\/post"}],"author":[{"embeddable":true,"href":"https:\/\/www.actualidadadiario.com\/index.php\/wp-json\/wp\/v2\/users\/3"}],"replies":[{"embeddable":true,"href":"https:\/\/www.actualidadadiario.com\/index.php\/wp-json\/wp\/v2\/comments?post=58296"}],"version-history":[{"count":1,"href":"https:\/\/www.actualidadadiario.com\/index.php\/wp-json\/wp\/v2\/posts\/58296\/revisions"}],"predecessor-version":[{"id":58298,"href":"https:\/\/www.actualidadadiario.com\/index.php\/wp-json\/wp\/v2\/posts\/58296\/revisions\/58298"}],"wp:featuredmedia":[{"embeddable":true,"href":"https:\/\/www.actualidadadiario.com\/index.php\/wp-json\/wp\/v2\/media\/58297"}],"wp:attachment":[{"href":"https:\/\/www.actualidadadiario.com\/index.php\/wp-json\/wp\/v2\/media?parent=58296"}],"wp:term":[{"taxonomy":"category","embeddable":true,"href":"https:\/\/www.actualidadadiario.com\/index.php\/wp-json\/wp\/v2\/categories?post=58296"},{"taxonomy":"post_tag","embeddable":true,"href":"https:\/\/www.actualidadadiario.com\/index.php\/wp-json\/wp\/v2\/tags?post=58296"}],"curies":[{"name":"wp","href":"https:\/\/api.w.org\/{rel}","templated":true}]}}