{"id":58290,"date":"2020-02-28T12:06:36","date_gmt":"2020-02-28T15:06:36","guid":{"rendered":"https:\/\/www.actualidadadiario.com\/?p=58290"},"modified":"2020-02-28T12:06:36","modified_gmt":"2020-02-28T15:06:36","slug":"para-la-vicegobernadora-es-necesario-pensar-la-paridad-en-clave-de-igualdad","status":"publish","type":"post","link":"https:\/\/www.actualidadadiario.com\/index.php\/2020\/02\/28\/para-la-vicegobernadora-es-necesario-pensar-la-paridad-en-clave-de-igualdad\/","title":{"rendered":"Para la vicegobernadora es necesario \u201cpensar la paridad en clave de igualdad\u201d"},"content":{"rendered":"<p style=\"text-align: center;\"><em><strong>Se realiz\u00f3 la primera jornada Del cupo a la paridad: la importancia de las medidas de acci\u00f3n positiva, en el marco de las Mesas de Trabajo hacia la Paridad. Desaf\u00edos, organizado por el Observatorio de G\u00e9neros y Derechos Humanos de la Vicegobernaci\u00f3n de Entre R\u00edos<\/strong><\/em><\/p>\n<p>&nbsp;<\/p>\n<p>La actividad se llev\u00f3 a cabo este jueves al mediod\u00eda en Biblioteca Provincial de Entre R\u00edos.<\/p>\n<p>Participaron del panel, la vicegobernadora Laura Stratta; la titular a cargo del Observatorio de G\u00e9neros y Derechos Humanos, Sigrid Kunaht; la viceintendenta de Gualeguaych\u00fa, Lorena Arrozogaray; las senadoras Claudia Gieco y Flavia Maidana; y las diputadas Carina Ramos y Gracia Jaroslavsky. Tambi\u00e9n estuvieron presentes, el presidente de la C\u00e1mara de Diputados, \u00c1ngel Giano; el diputado nacional, Julio Solanas; la ministra de Gobierno y Justicia Rosario Romero; la secretaria de Mujeres, G\u00e9nero y Diversidad, Mariana Broggi; entre otros legisladores, funcionarios, representantes de la sociedad civil, comunicadoras sociales y periodistas entrerrianas.<\/p>\n<p>El inicio de la actividad estuvo a cargo de la vicegobernadora quien agradeci\u00f3 la participaci\u00f3n de todos y todas. \u201cEs un gusto inmenso estar hoy ac\u00e1, dando inicio a estas mesas hacia la paridad con la idea de trabajar en Paran\u00e1 pero despu\u00e9s podamos salir al Concejo Deliberante, a trabajar con las concejales para demostrar y trabajar fuertemente en que la paridad no es un tema solamente de la pol\u00edtica o Legislatura provincial sino que nos interesa a todos, expres\u00f3.<\/p>\n<p>Seguidamente, Stratta mencion\u00f3 el art\u00edculo 17 de la Constituci\u00f3n Nacional, \u201cel cual marca la paridad de g\u00e9nero y la necesidad de la igualdad y el acceso a los lugares de representaci\u00f3n de las mujeres y c\u00f3mo en el \u00e1mbito legislativo sigue siendo acotado a una representaci\u00f3n y a un cupo m\u00ednimo que lo consideramos injusto y desigual\u201d, remarc\u00f3.<\/p>\n<p>En tal sentido, la presidenta del Senado provincial, valor\u00f3 la importancia del trabajo de las Mesas de Paridad ya que \u201capuntan a que podamos poner en debate este tema y que podamos recoger la multiplicidad de miradas\u201d. Y record\u00f3 su labor en el Ministerio de Desarrollo Social de la Provincia. \u201cComo ministra, durante cuatro a\u00f1os, recorr\u00ed cada rinc\u00f3n de la provincia y estaba lleno de ejemplos de mujeres que son testimonios de un andar, de un hacer, de un construir que muchas veces no se ve reflejado en la leyes ni en decisiones que tomamos\u201d, mencion\u00f3.<\/p>\n<p>En uno de los tramos finales de su presentaci\u00f3n, la vicegobernadora manifest\u00f3: \u201cCelebro que haya hombres en estas mesas de la paridad es muy sano que lo podamos trabajar entre todos y todas, es muy importante que no sea un tema de agenda de las mujeres o de la legislatura provincial, sino que podamos construir y contribuir a pensar este tema de la paridad en clave de igualdad, de lograr una construir una sociedad m\u00e1s igualdad, con m\u00e1s oportunidades, una sociedad que no limite ni segregue las posibilidades de nadie\u201d. Y agreg\u00f3: \u201cCreemos que la paridad es la puerta que se abre para que todos podamos participar\u201d.<\/p>\n<p>Para Stratta esta jornada ser\u00e1 \u201cel puntapi\u00e9 inicial para dar un debate serio que nos pueda llevar a tener una ley que haga justicia por fin y que cumpla con la Constituci\u00f3n\u201d.<\/p>\n<p>Finalmente, la vicegobernadora record\u00f3 un fragmento del mensaje del gobernador Gustavo Bordet ante la Asamblea Legislativa, sobre su decisi\u00f3n de destacar paridad de g\u00e9nero como uno de los temas pendientes que tenemos como sociedad; tambi\u00e9n la conformaci\u00f3n de gabinete con equidad de g\u00e9nero; y la puesta en valor de la Secretaria de Mujeres, G\u00e9nero y Diversidad. \u201cCon la multiplicad de compa\u00f1eras que desde distintos lugares siempre dan testimonio de que tenemos mucho por delante y de que podemos hacer mucho m\u00e1s en conjunto de lo que podamos hacer en soledad\u201d, concluy\u00f3 Stratta.<\/p>\n<p>&nbsp;<\/p>\n<p><strong>Trabajar y visibilizar<\/strong><\/p>\n<p>A su turno, Sigrid Kunaht, titular a cargo del Observatorio de G\u00e9neros y Derechos Humanos, reflexion\u00f3 sobre las gestiones pol\u00edticas que se vienen concretando en nuestra provincia. Mencion\u00f3 el hecho de que Laura Stratta sea la vicegobernadora de Entre R\u00edos. \u201cQue una compa\u00f1era ocupe este espacio para nosotras significa una especie de plataforma, en la cual todas somos convocadas para trabajar desde otro lugar, desde un lugar m\u00e1s anhelado y m\u00e1s cuidado para trabajar por el derecho de las mujeres\u201d, remarc\u00f3.<\/p>\n<p>Y continu\u00f3: \u201cLa idea de generar estas mesas de trabajo, en Paran\u00e1 y en otras localidades de la provincia, tiene como objetivo preguntarnos por qu\u00e9 es necesario trabajar para la paridad y responder para qu\u00e9 es necesario\u201d.<\/p>\n<p>Para Kunath tambi\u00e9n es importante \u201crepensar desde la pol\u00edtica c\u00f3mo las definiciones que se van tomando en este \u00e1mbito pueden replicarse en cada uno de los \u00e1mbitos en los que nos desenvolvemos en la vida cotidiana\u201d. Y acot\u00f3: \u201cTodos estos interrogantes est\u00e1n en la superficie y son necesarios trabajarlos para construir consensos pol\u00edticos y sociales\u201d.<\/p>\n<p>Asimismo, destac\u00f3 el rol de los movimientos feministas, en todas sus vertientes, que han trabajado tenazmente desde hace varios a\u00f1os logrando instalar estas agendas. \u201cA ellas le debemos este presente donde las agendas p\u00fablicas se han hecho cargo de las deudas pendientes con los temas de g\u00e9nero\u201d, valor\u00f3 Kunath tras mencionar la necesidad de fortalecer el trabajo conjunto y visibilizar esta tem\u00e1tica.<\/p>\n","protected":false},"excerpt":{"rendered":"<p>Se realiz\u00f3 la primera jornada Del cupo a la paridad: la importancia de las medidas de acci\u00f3n positiva, en el marco de las Mesas de Trabajo hacia la Paridad. Desaf\u00edos, organizado por el Observatorio de G\u00e9neros y Derechos Humanos de la Vicegobernaci\u00f3n de Entre R\u00edos &nbsp; La actividad se llev\u00f3 a cabo este jueves al mediod\u00eda en Biblioteca Provincial de Entre R\u00edos. Participaron del panel, la vicegobernadora Laura Stratta; la titular a cargo del Observatorio de G\u00e9neros y Derechos Humanos, Sigrid Kunaht; la viceintendenta de Gualeguaych\u00fa, Lorena Arrozogaray; las senadoras&#8230;<\/p>\n","protected":false},"author":3,"featured_media":58291,"comment_status":"closed","ping_status":"closed","sticky":false,"template":"","format":"standard","meta":[],"categories":[15],"tags":[],"_links":{"self":[{"href":"https:\/\/www.actualidadadiario.com\/index.php\/wp-json\/wp\/v2\/posts\/58290"}],"collection":[{"href":"https:\/\/www.actualidadadiario.com\/index.php\/wp-json\/wp\/v2\/posts"}],"about":[{"href":"https:\/\/www.actualidadadiario.com\/index.php\/wp-json\/wp\/v2\/types\/post"}],"author":[{"embeddable":true,"href":"https:\/\/www.actualidadadiario.com\/index.php\/wp-json\/wp\/v2\/users\/3"}],"replies":[{"embeddable":true,"href":"https:\/\/www.actualidadadiario.com\/index.php\/wp-json\/wp\/v2\/comments?post=58290"}],"version-history":[{"count":1,"href":"https:\/\/www.actualidadadiario.com\/index.php\/wp-json\/wp\/v2\/posts\/58290\/revisions"}],"predecessor-version":[{"id":58292,"href":"https:\/\/www.actualidadadiario.com\/index.php\/wp-json\/wp\/v2\/posts\/58290\/revisions\/58292"}],"wp:featuredmedia":[{"embeddable":true,"href":"https:\/\/www.actualidadadiario.com\/index.php\/wp-json\/wp\/v2\/media\/58291"}],"wp:attachment":[{"href":"https:\/\/www.actualidadadiario.com\/index.php\/wp-json\/wp\/v2\/media?parent=58290"}],"wp:term":[{"taxonomy":"category","embeddable":true,"href":"https:\/\/www.actualidadadiario.com\/index.php\/wp-json\/wp\/v2\/categories?post=58290"},{"taxonomy":"post_tag","embeddable":true,"href":"https:\/\/www.actualidadadiario.com\/index.php\/wp-json\/wp\/v2\/tags?post=58290"}],"curies":[{"name":"wp","href":"https:\/\/api.w.org\/{rel}","templated":true}]}}