{"id":58288,"date":"2020-02-28T12:04:42","date_gmt":"2020-02-28T15:04:42","guid":{"rendered":"https:\/\/www.actualidadadiario.com\/?p=58288"},"modified":"2020-02-28T12:04:42","modified_gmt":"2020-02-28T15:04:42","slug":"la-provincia-convoco-a-la-paritaria-docente","status":"publish","type":"post","link":"https:\/\/www.actualidadadiario.com\/index.php\/2020\/02\/28\/la-provincia-convoco-a-la-paritaria-docente\/","title":{"rendered":"La provincia convoc\u00f3 a la paritaria docente"},"content":{"rendered":"<p style=\"text-align: center;\"><em><strong>El gobierno convoc\u00f3 para el viernes 6 de marzo a los gremios docentes a una reuni\u00f3n paritaria para abordar la cuesti\u00f3n salarial luego de la instancia paritaria nacional<\/strong><\/em><\/p>\n<p>&nbsp;<\/p>\n<p>&nbsp;<\/p>\n<p>La primera reuni\u00f3n paritaria de la provincia con los gremios docentes tendr\u00e1 lugar el viernes 6 de marzo a las 9. El Consejo General de Educaci\u00f3n est\u00e1 solicitando a la Secretaria de Trabajo que convoque formalmente a los sindicatos de trabajadores de la educaci\u00f3n.<\/p>\n<p>\u201cLa convocatoria expresa la voluntad y el deseo de tener a los ni\u00f1os, ni\u00f1as, adolescentes, j\u00f3venes y adultos estudiantes de la provincia en las aulas, porque la garant\u00eda del derecho a la educaci\u00f3n tambi\u00e9n se manifiesta con tener a todos en la escuela\u201d, expres\u00f3 en ese marco el presidente del CGE, Mart\u00edn M\u00fcller.<\/p>\n<p>En ese sentido, el funcionario sostuvo que \u201cdebemos valorar el hecho de haber recuperado la paritaria nacional docente como una herramienta de construcci\u00f3n conjunta y de di\u00e1logo entre el Estado y los trabajadores\u201d.<\/p>\n<p>\u201cUna vez m\u00e1s y de forma coherente a la pol\u00edtica sostenida en los \u00faltimos cuatro a\u00f1os, el gobierno provincial cumple con el compromiso asumido el viernes pasado ante los gremios, de convocar a la paritaria provincial tras la instancia nacional, donde formalizaremos una propuesta\u201d, concluy\u00f3 M\u00fcller.<\/p>\n","protected":false},"excerpt":{"rendered":"<p>El gobierno convoc\u00f3 para el viernes 6 de marzo a los gremios docentes a una reuni\u00f3n paritaria para abordar la cuesti\u00f3n salarial luego de la instancia paritaria nacional &nbsp; &nbsp; La primera reuni\u00f3n paritaria de la provincia con los gremios docentes tendr\u00e1 lugar el viernes 6 de marzo a las 9. El Consejo General de Educaci\u00f3n est\u00e1 solicitando a la Secretaria de Trabajo que convoque formalmente a los sindicatos de trabajadores de la educaci\u00f3n. \u201cLa convocatoria expresa la voluntad y el deseo de tener a los ni\u00f1os, ni\u00f1as, adolescentes, j\u00f3venes&#8230;<\/p>\n","protected":false},"author":3,"featured_media":58212,"comment_status":"closed","ping_status":"closed","sticky":false,"template":"","format":"standard","meta":[],"categories":[9,15],"tags":[],"_links":{"self":[{"href":"https:\/\/www.actualidadadiario.com\/index.php\/wp-json\/wp\/v2\/posts\/58288"}],"collection":[{"href":"https:\/\/www.actualidadadiario.com\/index.php\/wp-json\/wp\/v2\/posts"}],"about":[{"href":"https:\/\/www.actualidadadiario.com\/index.php\/wp-json\/wp\/v2\/types\/post"}],"author":[{"embeddable":true,"href":"https:\/\/www.actualidadadiario.com\/index.php\/wp-json\/wp\/v2\/users\/3"}],"replies":[{"embeddable":true,"href":"https:\/\/www.actualidadadiario.com\/index.php\/wp-json\/wp\/v2\/comments?post=58288"}],"version-history":[{"count":1,"href":"https:\/\/www.actualidadadiario.com\/index.php\/wp-json\/wp\/v2\/posts\/58288\/revisions"}],"predecessor-version":[{"id":58289,"href":"https:\/\/www.actualidadadiario.com\/index.php\/wp-json\/wp\/v2\/posts\/58288\/revisions\/58289"}],"wp:featuredmedia":[{"embeddable":true,"href":"https:\/\/www.actualidadadiario.com\/index.php\/wp-json\/wp\/v2\/media\/58212"}],"wp:attachment":[{"href":"https:\/\/www.actualidadadiario.com\/index.php\/wp-json\/wp\/v2\/media?parent=58288"}],"wp:term":[{"taxonomy":"category","embeddable":true,"href":"https:\/\/www.actualidadadiario.com\/index.php\/wp-json\/wp\/v2\/categories?post=58288"},{"taxonomy":"post_tag","embeddable":true,"href":"https:\/\/www.actualidadadiario.com\/index.php\/wp-json\/wp\/v2\/tags?post=58288"}],"curies":[{"name":"wp","href":"https:\/\/api.w.org\/{rel}","templated":true}]}}