{"id":58277,"date":"2020-02-27T12:55:19","date_gmt":"2020-02-27T15:55:19","guid":{"rendered":"https:\/\/www.actualidadadiario.com\/?p=58277"},"modified":"2020-02-27T12:55:19","modified_gmt":"2020-02-27T15:55:19","slug":"el-papa-debio-cancelar-acto-en-una-basilica-de-roma-por-indisposicion","status":"publish","type":"post","link":"https:\/\/www.actualidadadiario.com\/index.php\/2020\/02\/27\/el-papa-debio-cancelar-acto-en-una-basilica-de-roma-por-indisposicion\/","title":{"rendered":"El Papa debi\u00f3 cancelar acto en una bas\u00edlica de Roma por &#8220;indisposici\u00f3n&#8221;"},"content":{"rendered":"<p style=\"text-align: center;\"><em><strong>En su audiencia general de la v\u00edspera, Francisco parec\u00eda estar resfriado y habl\u00f3 con una voz algo ronca. Algunos servicios de Cuaresma y del Mi\u00e9rcoles de Ceniza fueron cancelados o limitados en zonas del norte de Italia afectadas por la propagaci\u00f3n del coronavirus<\/strong><\/em><\/p>\n<p>&nbsp;<\/p>\n<p>&nbsp;<\/p>\n<p>El Papa Francisco se encuentra algo indispuesto y cancel\u00f3 un acto en una bas\u00edlica de Roma, aunque completar\u00e1 el resto de su agenda en su residencia, dijo el Vaticano.<\/p>\n<p>&#8220;Por culpa de una ligera indisposici\u00f3n, prefiri\u00f3 quedarse dentro de Santa Marta&#8221;, indic\u00f3 el Vaticano, en referencia a la casa de invitados de la Santa Sede, donde vive el pont\u00edfice de 83 a\u00f1os.<\/p>\n<p>&#8220;El resto de compromisos seguir\u00e1 adelante de forma regular&#8221;, dijo el portavoz, Matteo Bruni.<\/p>\n<p>Francisco parec\u00eda estar resfriado y habl\u00f3 con una voz algo ronca en su audiencia general de la v\u00edspera, aunque mostr\u00f3 una mejor\u00eda al mediod\u00eda, durante un servicio por el Mi\u00e9rcoles de Ceniza.<\/p>\n<p>El Papa ten\u00eda previsto acudir en la ma\u00f1ana del jueves a la Bas\u00edlica de San Juan de Letr\u00e1n para participar en un servicio de Cuaresma con sacerdotes romanos.<\/p>\n<p>Algunos servicios de Cuaresma y del Mi\u00e9rcoles de Ceniza fueron cancelados o limitados en zonas del norte de Italia afectadas por la propagaci\u00f3n del coronavirus.<\/p>\n<p>M\u00e1s de 400 personas han contra\u00eddo la enfermedad y han perecido 12 en Italia, en el peor contagio del coronavirus registrado hasta la fecha en Europa.<\/p>\n<p>En la audiencia del mi\u00e9rcoles en la Plaza de San Pedro se pudo ver a varias personas con mascarillas, aunque solo hab\u00eda una persona llevando una en la celebraci\u00f3n del Mi\u00e9rcoles de Ceniza que presidi\u00f3 el Papa.<\/p>\n","protected":false},"excerpt":{"rendered":"<p>En su audiencia general de la v\u00edspera, Francisco parec\u00eda estar resfriado y habl\u00f3 con una voz algo ronca. Algunos servicios de Cuaresma y del Mi\u00e9rcoles de Ceniza fueron cancelados o limitados en zonas del norte de Italia afectadas por la propagaci\u00f3n del coronavirus &nbsp; &nbsp; El Papa Francisco se encuentra algo indispuesto y cancel\u00f3 un acto en una bas\u00edlica de Roma, aunque completar\u00e1 el resto de su agenda en su residencia, dijo el Vaticano. &#8220;Por culpa de una ligera indisposici\u00f3n, prefiri\u00f3 quedarse dentro de Santa Marta&#8221;, indic\u00f3 el Vaticano, en&#8230;<\/p>\n","protected":false},"author":3,"featured_media":33082,"comment_status":"closed","ping_status":"closed","sticky":false,"template":"","format":"standard","meta":[],"categories":[4],"tags":[],"_links":{"self":[{"href":"https:\/\/www.actualidadadiario.com\/index.php\/wp-json\/wp\/v2\/posts\/58277"}],"collection":[{"href":"https:\/\/www.actualidadadiario.com\/index.php\/wp-json\/wp\/v2\/posts"}],"about":[{"href":"https:\/\/www.actualidadadiario.com\/index.php\/wp-json\/wp\/v2\/types\/post"}],"author":[{"embeddable":true,"href":"https:\/\/www.actualidadadiario.com\/index.php\/wp-json\/wp\/v2\/users\/3"}],"replies":[{"embeddable":true,"href":"https:\/\/www.actualidadadiario.com\/index.php\/wp-json\/wp\/v2\/comments?post=58277"}],"version-history":[{"count":1,"href":"https:\/\/www.actualidadadiario.com\/index.php\/wp-json\/wp\/v2\/posts\/58277\/revisions"}],"predecessor-version":[{"id":58278,"href":"https:\/\/www.actualidadadiario.com\/index.php\/wp-json\/wp\/v2\/posts\/58277\/revisions\/58278"}],"wp:featuredmedia":[{"embeddable":true,"href":"https:\/\/www.actualidadadiario.com\/index.php\/wp-json\/wp\/v2\/media\/33082"}],"wp:attachment":[{"href":"https:\/\/www.actualidadadiario.com\/index.php\/wp-json\/wp\/v2\/media?parent=58277"}],"wp:term":[{"taxonomy":"category","embeddable":true,"href":"https:\/\/www.actualidadadiario.com\/index.php\/wp-json\/wp\/v2\/categories?post=58277"},{"taxonomy":"post_tag","embeddable":true,"href":"https:\/\/www.actualidadadiario.com\/index.php\/wp-json\/wp\/v2\/tags?post=58277"}],"curies":[{"name":"wp","href":"https:\/\/api.w.org\/{rel}","templated":true}]}}