{"id":58271,"date":"2020-02-27T12:53:56","date_gmt":"2020-02-27T15:53:56","guid":{"rendered":"https:\/\/www.actualidadadiario.com\/?p=58271"},"modified":"2020-02-27T12:53:56","modified_gmt":"2020-02-27T15:53:56","slug":"bolsonaro-alienta-un-autogolpe-por-whatsapp","status":"publish","type":"post","link":"https:\/\/www.actualidadadiario.com\/index.php\/2020\/02\/27\/bolsonaro-alienta-un-autogolpe-por-whatsapp\/","title":{"rendered":"Bolsonaro alienta un autogolpe por Whatsapp"},"content":{"rendered":"<p style=\"text-align: center;\"><em><strong>Cr\u00edticas de todo el arco pol\u00edtico, desde el derechista Fernando Henrique Cardoso hasta el izquierdista Lula da Silva, y tambi\u00e9n del Supremo Tribunal Federal<\/strong><\/em><\/p>\n<p>&nbsp;<\/p>\n<p>&nbsp;<\/p>\n<p>La noche del martes de carnaval apenas empezaba, con fiestas por todo el pa\u00eds, cuando un par de videos divulgados por el ultraderechista Jair Bolsonaro por una red social convocando manifestaciones callejeras para el domingo 15 de marzo atacando el Congreso y el Supremo Tribunal Federal estremeci\u00f3 al pa\u00eds.<\/p>\n<p>Las reacciones no se hicieron esperar. Es que, en \u00faltima instancia, se considera en Brasil que Jair Bolsonaro se integr\u00f3 a un movimiento que, entre otras cosas, defiende que se declare guerra al Congreso y a la corte suprema de la naci\u00f3n.<\/p>\n<p>Pol\u00edticos de las m\u00e1s diversas tendencias, como el derechista Fernando Henrique Cardoso y el izquierdista Lula da Silva, adem\u00e1s de integrantes del Supremo Tribunal Federal, se manifestaron de manera contundente.<\/p>\n<p>Cardoso asegur\u00f3 que se trata de \u201cuna crisis institucional de consecuencias grav\u00edsimas\u201d, mientras Lula convoc\u00f3 a resistir.<\/p>\n<p>Celso de Mello, el m\u00e1s antiguo integrante de la corte suprema, dijo que Bolsonaro no est\u00e1 a la altura del cargo que ocupa e insinu\u00f3 que su actitud configura lo que la legislaci\u00f3n brasile\u00f1a clasifica de \u201ccrimen de responsabilidad\u201d, al atentar contra el Poder Legislativo y al Judiciario.<\/p>\n<p>De haber una denuncia formal, Bolsonaro podr\u00e1 ser sometido a un proceso de destituci\u00f3n en el Congreso.<\/p>\n<p>La cuesti\u00f3n, en realidad, empez\u00f3 el martes 18 de febrero, cuando el general retirado Augusto Heleno, ministro jefe del Gabinete de Seguridad Institucional de la Presidencia, dijo textualmente: \u201cNo nos dejemos chantajear por el Congreso. Que se joda\u201d.<\/p>\n<p>Ha sido su reacci\u00f3n frente a la negativa, de parte de diputados, de retirar una medida que les asegura una caja de 30 mil millones de reales (unos seis mil 900 millones de d\u00f3lares) de manera impositiva, o sea, obligatoria para el gobierno.<\/p>\n<p>Uno de los carteles convocando a las marchas del domingo 15 dice, con todas las letras, que \u201clos generales obedecen al pueblo\u201d, y que el pueblo defiende a Bolsonaro contra iniciativas de diputados y senadores.<\/p>\n<p>La insurgencia contra el Congreso y, de paso, el Supremo Tribunal Federal, se esparci\u00f3 r\u00e1pidamente a partir de lo que dijo el general Augusto Heleno. Pero lo que nadie esperaba es que el presidente de la Rep\u00fablica se sumase a la divulgaci\u00f3n de un concreto llamado golpista, y principalmente a los pocos d\u00edas de haber, en sus propias palabras, \u201cmilitarizado\u201d la sede presidencial, el Palacio do Planalto.<\/p>\n<p>Aunque faltan dos semanas y media para el domingo de la convocatoria, los \u00e1nimos se exaltaron. La \u00fanica manifestaci\u00f3n de Jair Bolsonaro ha sido denunciar lo que clasific\u00f3 de \u201cintento burdo de tumultuar a la Rep\u00fablica\u201d. Al afirmar que se trat\u00f3 de un \u201ccambio de mensajes\u201d entre amigos v\u00eda whatsapp, admiti\u00f3 haber compartido los videos.<\/p>\n<p>De los militares de alta patente que integran el entorno presidencial, se manifest\u00f3 el general Luiz Eduardo Ramos, ministro de la Secretar\u00eda General del Gobierno.<\/p>\n<p>Acorde al militar, lo que hizo Bolsonaro ha sido divulgar un video emotivo, que lo elogia y no ataca al Congreso.<\/p>\n<p>Efectivamente, los dos videos no fueron realizados por Bolsonaro y no hacen menci\u00f3n directa ni al Congreso ni al Supremo Tribunal Federal.<\/p>\n<p>En las redes sociales, sin embargo, intensamente utilizadas por los seguidores del gobierno y en buena parte comandadas por equipos controlados por su hijo Carlos Bolsonaro, las menciones son estridentes.<\/p>\n<p>Muchos de los mensajes piden directamente la destituci\u00f3n de los presidentes de la C\u00e1mara de Diputados y del Senado, as\u00ed como reivindican acciones de las Fuerzas Armadas para \u201csalvar el futuro\u201d.<\/p>\n<p>Analistas y dirigentes pol\u00edticos afirman que ha sido un intento de Jair Bolsonaro presionar de manera abierta al mismo Congreso que frecuentemente aprueba leyes y decretos que contrar\u00edan los proyectos inicialmente ofrecidos por el gobierno.<\/p>\n<p>Una de las cr\u00edticas de diputados aliados al presidente ultraderechista es que se instal\u00f3 en Brasil un parlamentarismo disfrazado, dedicado a ponerle freno a las iniciativas del gobierno.<\/p>\n<p>Las Fuerzas Armadas en actividad, por su parte, se encuentran en un dif\u00edcil callej\u00f3n: son el respaldo indispensable de un presidente intempestivo.<\/p>\n<p>Con eso, podr\u00e1n tener su imagen vinculada directamente a la convocatoria de actos agresivos tanto hacia el Congreso como hacia la corte suprema de justicia.<\/p>\n","protected":false},"excerpt":{"rendered":"<p>Cr\u00edticas de todo el arco pol\u00edtico, desde el derechista Fernando Henrique Cardoso hasta el izquierdista Lula da Silva, y tambi\u00e9n del Supremo Tribunal Federal &nbsp; &nbsp; La noche del martes de carnaval apenas empezaba, con fiestas por todo el pa\u00eds, cuando un par de videos divulgados por el ultraderechista Jair Bolsonaro por una red social convocando manifestaciones callejeras para el domingo 15 de marzo atacando el Congreso y el Supremo Tribunal Federal estremeci\u00f3 al pa\u00eds. Las reacciones no se hicieron esperar. Es que, en \u00faltima instancia, se considera en Brasil&#8230;<\/p>\n","protected":false},"author":3,"featured_media":58272,"comment_status":"closed","ping_status":"closed","sticky":false,"template":"","format":"standard","meta":[],"categories":[4],"tags":[],"_links":{"self":[{"href":"https:\/\/www.actualidadadiario.com\/index.php\/wp-json\/wp\/v2\/posts\/58271"}],"collection":[{"href":"https:\/\/www.actualidadadiario.com\/index.php\/wp-json\/wp\/v2\/posts"}],"about":[{"href":"https:\/\/www.actualidadadiario.com\/index.php\/wp-json\/wp\/v2\/types\/post"}],"author":[{"embeddable":true,"href":"https:\/\/www.actualidadadiario.com\/index.php\/wp-json\/wp\/v2\/users\/3"}],"replies":[{"embeddable":true,"href":"https:\/\/www.actualidadadiario.com\/index.php\/wp-json\/wp\/v2\/comments?post=58271"}],"version-history":[{"count":1,"href":"https:\/\/www.actualidadadiario.com\/index.php\/wp-json\/wp\/v2\/posts\/58271\/revisions"}],"predecessor-version":[{"id":58273,"href":"https:\/\/www.actualidadadiario.com\/index.php\/wp-json\/wp\/v2\/posts\/58271\/revisions\/58273"}],"wp:featuredmedia":[{"embeddable":true,"href":"https:\/\/www.actualidadadiario.com\/index.php\/wp-json\/wp\/v2\/media\/58272"}],"wp:attachment":[{"href":"https:\/\/www.actualidadadiario.com\/index.php\/wp-json\/wp\/v2\/media?parent=58271"}],"wp:term":[{"taxonomy":"category","embeddable":true,"href":"https:\/\/www.actualidadadiario.com\/index.php\/wp-json\/wp\/v2\/categories?post=58271"},{"taxonomy":"post_tag","embeddable":true,"href":"https:\/\/www.actualidadadiario.com\/index.php\/wp-json\/wp\/v2\/tags?post=58271"}],"curies":[{"name":"wp","href":"https:\/\/api.w.org\/{rel}","templated":true}]}}