{"id":58265,"date":"2020-02-27T12:52:28","date_gmt":"2020-02-27T15:52:28","guid":{"rendered":"https:\/\/www.actualidadadiario.com\/?p=58265"},"modified":"2020-02-27T12:52:28","modified_gmt":"2020-02-27T15:52:28","slug":"el-presidente-encabeza-en-rosario-el-izamiento-de-la-bandera-simbolo-olvidado-de-la-gestion-macrista","status":"publish","type":"post","link":"https:\/\/www.actualidadadiario.com\/index.php\/2020\/02\/27\/el-presidente-encabeza-en-rosario-el-izamiento-de-la-bandera-simbolo-olvidado-de-la-gestion-macrista\/","title":{"rendered":"El Presidente encabeza en Rosario el izamiento de la bandera, s\u00edmbolo olvidado de la gesti\u00f3n macrista"},"content":{"rendered":"<p style=\"text-align: center;\"><em><strong>En un acto junto al gobernador local, Fern\u00e1ndez conmemorar\u00e1 el primer izamiento, llevado a cabo por Manuel Belgrano. Otra de las banderas que flamear\u00e1 desde hoy ser\u00e1 la del Museo Malvinas, que se rompi\u00f3 durante el macrismo y nunca fue repuesta<\/strong><\/em><\/p>\n<p>&nbsp;<\/p>\n<p>&nbsp;<\/p>\n<p>El presidente Alberto Fern\u00e1ndez encabezar\u00e1 en la ciudad santafesina de Rosario la ceremonia conmemorativa del primer izamiento de la bandera a orillas del r\u00edo Paran\u00e1 por parte del general Manuel Belgrano. A las 18, Fern\u00e1ndez presidir\u00e1 en la ciudad de Rosario la ceremonia conmemorativa del primer izamiento de la ense\u00f1a patria a orillas del r\u00edo Paran\u00e1, por parte del general Manuel Belgrano, que se llevar\u00e1 a cabo frente al Monumento Hist\u00f3rico, ubicado en el parque Nacional a la Bandera.<\/p>\n<p>Participar\u00e1n del acto el gobernador de Santa Fe, Omar Perotti; el ministro Agust\u00edn Rossi; y el intendente de Rosario, Pablo Javkin.<\/p>\n<p>Sin embargo, no ser\u00e1 la \u00fanica bandera flameante en el d\u00eda de hoy, ya que el Museo Malvinas volver\u00e1 a izar la suya, que se rompi\u00f3 en 2016 y nunca fue repuesta por el macrismo. Se trata de la segunda bandera m\u00e1s grande de la ciudad de Buenos Aires despu\u00e9s de la de la Plaza de Mayo.<\/p>\n<p>El nuevo director del Museo, Edgardo Esteban, fue puesto en funciones hace un mes por la gesti\u00f3n de Alberto Fern\u00e1ndez.<\/p>\n<p>Respecto al acto en Rosario, el primer mandatario conmemorar\u00e1 que, el 27 de febrero de 1812 en las barrancas del R\u00edo Paran\u00e1 se iz\u00f3 por primera vez la bandera nacional conforme a los colores de la escarapela, hito que se conoce como la primera ocasi\u00f3n en que el general Belgrano enarbol\u00f3 la ense\u00f1a patria.<\/p>\n<p>El monumento posee una torre de 70 metros de altura con mirador en la cima, una cripta en homenaje al general Belgrano, un Patio C\u00edvico y una urna cineraria al Soldado Desconocido y una Sala de Honor de las Banderas de Am\u00e9rica.<\/p>\n<p>En el acto de hoy, adem\u00e1s, el ministro Rossi entregar\u00e1 a las autoridades del Monumento una escultura del general Belgrano con chapas navales que crearon los obreros del astillero Tandanor (Talleres Navales D\u00e1rsena Norte), el mayor taller de reparaciones navales de Latinoam\u00e9rica y el tercero en importancia en el mundo.<\/p>\n","protected":false},"excerpt":{"rendered":"<p>En un acto junto al gobernador local, Fern\u00e1ndez conmemorar\u00e1 el primer izamiento, llevado a cabo por Manuel Belgrano. Otra de las banderas que flamear\u00e1 desde hoy ser\u00e1 la del Museo Malvinas, que se rompi\u00f3 durante el macrismo y nunca fue repuesta &nbsp; &nbsp; El presidente Alberto Fern\u00e1ndez encabezar\u00e1 en la ciudad santafesina de Rosario la ceremonia conmemorativa del primer izamiento de la bandera a orillas del r\u00edo Paran\u00e1 por parte del general Manuel Belgrano. A las 18, Fern\u00e1ndez presidir\u00e1 en la ciudad de Rosario la ceremonia conmemorativa del primer izamiento&#8230;<\/p>\n","protected":false},"author":3,"featured_media":58266,"comment_status":"closed","ping_status":"closed","sticky":false,"template":"","format":"standard","meta":[],"categories":[18],"tags":[],"_links":{"self":[{"href":"https:\/\/www.actualidadadiario.com\/index.php\/wp-json\/wp\/v2\/posts\/58265"}],"collection":[{"href":"https:\/\/www.actualidadadiario.com\/index.php\/wp-json\/wp\/v2\/posts"}],"about":[{"href":"https:\/\/www.actualidadadiario.com\/index.php\/wp-json\/wp\/v2\/types\/post"}],"author":[{"embeddable":true,"href":"https:\/\/www.actualidadadiario.com\/index.php\/wp-json\/wp\/v2\/users\/3"}],"replies":[{"embeddable":true,"href":"https:\/\/www.actualidadadiario.com\/index.php\/wp-json\/wp\/v2\/comments?post=58265"}],"version-history":[{"count":1,"href":"https:\/\/www.actualidadadiario.com\/index.php\/wp-json\/wp\/v2\/posts\/58265\/revisions"}],"predecessor-version":[{"id":58267,"href":"https:\/\/www.actualidadadiario.com\/index.php\/wp-json\/wp\/v2\/posts\/58265\/revisions\/58267"}],"wp:featuredmedia":[{"embeddable":true,"href":"https:\/\/www.actualidadadiario.com\/index.php\/wp-json\/wp\/v2\/media\/58266"}],"wp:attachment":[{"href":"https:\/\/www.actualidadadiario.com\/index.php\/wp-json\/wp\/v2\/media?parent=58265"}],"wp:term":[{"taxonomy":"category","embeddable":true,"href":"https:\/\/www.actualidadadiario.com\/index.php\/wp-json\/wp\/v2\/categories?post=58265"},{"taxonomy":"post_tag","embeddable":true,"href":"https:\/\/www.actualidadadiario.com\/index.php\/wp-json\/wp\/v2\/tags?post=58265"}],"curies":[{"name":"wp","href":"https:\/\/api.w.org\/{rel}","templated":true}]}}