{"id":58262,"date":"2020-02-27T12:51:47","date_gmt":"2020-02-27T15:51:47","guid":{"rendered":"https:\/\/www.actualidadadiario.com\/?p=58262"},"modified":"2020-02-27T12:51:47","modified_gmt":"2020-02-27T15:51:47","slug":"en-medio-de-tensiones-la-mesa-de-enlace-se-reune-con-el-ministro-de-agricultura","status":"publish","type":"post","link":"https:\/\/www.actualidadadiario.com\/index.php\/2020\/02\/27\/en-medio-de-tensiones-la-mesa-de-enlace-se-reune-con-el-ministro-de-agricultura\/","title":{"rendered":"En medio de tensiones, la Mesa de Enlace se re\u00fane con el ministro de Agricultura"},"content":{"rendered":"<p style=\"text-align: center;\"><em><strong>El ministro de Agricultura, Ganader\u00eda y Pesca, Luis Basterra, recibir\u00e1 esta tarde con los integrantes de la Mesa de Enlace agropecuaria. El encuentro se llevar\u00e1 a cabo en medio de un clima de tensi\u00f3n entre el Gobierno y el campo por las retenciones. Confederaciones Rurales Argentinas (CRA) cuestion\u00f3 ayer que un d\u00eda antes de la reuni\u00f3n la cartera hubiera decidido suspender el registro de exportaciones agr\u00edcolas<\/strong><\/em><\/p>\n<p>&nbsp;<\/p>\n<p>En la sede de su ministerio, Basterra se reunir\u00e1 con los principales dirigentes agrarios a las 16.30. Adem\u00e1s de CRA, asistir\u00e1n la Federaci\u00f3n Agraria Argentina (FAA), la Sociedad Rural Argentina (SRA) y la Confederaci\u00f3n Intercooperativa Agropecuaria (Coninagro). Las entidades fueron citadas por las autoridades para dar conocer a conocer las acciones que emprender\u00e1 el Gobierno en materia agropecuaria.<\/p>\n<p>&nbsp;<\/p>\n<p><strong>Cr\u00edticas de la Mesa de Enlace<\/strong><\/p>\n<p>El subsecretario de Mercados Agropecuarios, Javier Preciado Pati\u00f1o, anunci\u00f3 ayer la suspensi\u00f3n del Registro de Declaraciones Juradas de Ventas al Exterior de productos agr\u00edcolas. La interrupci\u00f3n de sus operaciones se mantendr\u00e1 hasta nuevo aviso, seg\u00fan indic\u00f3 en un comunicado. Esta medida afecta a los granos, cereales y derivados comprendidos en el r\u00e9gimen creado por la Ley 21453.<\/p>\n<p>Esta decisi\u00f3n del Ejecutivo fue interpretada como una preparaci\u00f3n del terreno para un aumento de 3% en las retenciones de la soja. Se especula con que el presidente Alberto Fern\u00e1ndez lo dar\u00e1 a conocer este domingo en la apertura de las sesiones ordinarias del Congreso. De concretarse el incremento, los derechos de exportaci\u00f3n pasar\u00edan de 30% a 33%.<\/p>\n<p>La movida del Gobierno caus\u00f3 sorpresa entre los productores, pues la medida fue anunciada un d\u00eda antes del encuentro pactado para hoy. \u201cMientras se espera para dialogar, se toman decisiones que no tienen retroceso\u201d, cuestion\u00f3 CRA en un comunicado. La instituci\u00f3n ruralista consider\u00f3 que lo de ayer fue \u201cuna nueva traici\u00f3n\u201d de Casa Rosada y que lo ocurrido \u201cdeja una profunda sensaci\u00f3n de enga\u00f1o\u201d.<\/p>\n<p>El presidente de la FAA, Carlos Achetoni, asegur\u00f3 que esta situaci\u00f3n \u201cgenera mucha preocupaci\u00f3n\u201d. El dirigente agrario opin\u00f3 que el cierre del registro de exportaciones \u201ces y ha sido siempre la antesala de situaciones complicadas para los productores agropecuarios\u201d. Adem\u00e1s, advirti\u00f3 que las dificultades de los peque\u00f1os y medianos productores \u201cse profundizar\u00edan si se siguen tomando medidas contra el sector\u201d.<\/p>\n","protected":false},"excerpt":{"rendered":"<p>El ministro de Agricultura, Ganader\u00eda y Pesca, Luis Basterra, recibir\u00e1 esta tarde con los integrantes de la Mesa de Enlace agropecuaria. El encuentro se llevar\u00e1 a cabo en medio de un clima de tensi\u00f3n entre el Gobierno y el campo por las retenciones. Confederaciones Rurales Argentinas (CRA) cuestion\u00f3 ayer que un d\u00eda antes de la reuni\u00f3n la cartera hubiera decidido suspender el registro de exportaciones agr\u00edcolas &nbsp; En la sede de su ministerio, Basterra se reunir\u00e1 con los principales dirigentes agrarios a las 16.30. Adem\u00e1s de CRA, asistir\u00e1n la Federaci\u00f3n&#8230;<\/p>\n","protected":false},"author":3,"featured_media":58263,"comment_status":"closed","ping_status":"closed","sticky":false,"template":"","format":"standard","meta":[],"categories":[18],"tags":[],"_links":{"self":[{"href":"https:\/\/www.actualidadadiario.com\/index.php\/wp-json\/wp\/v2\/posts\/58262"}],"collection":[{"href":"https:\/\/www.actualidadadiario.com\/index.php\/wp-json\/wp\/v2\/posts"}],"about":[{"href":"https:\/\/www.actualidadadiario.com\/index.php\/wp-json\/wp\/v2\/types\/post"}],"author":[{"embeddable":true,"href":"https:\/\/www.actualidadadiario.com\/index.php\/wp-json\/wp\/v2\/users\/3"}],"replies":[{"embeddable":true,"href":"https:\/\/www.actualidadadiario.com\/index.php\/wp-json\/wp\/v2\/comments?post=58262"}],"version-history":[{"count":1,"href":"https:\/\/www.actualidadadiario.com\/index.php\/wp-json\/wp\/v2\/posts\/58262\/revisions"}],"predecessor-version":[{"id":58264,"href":"https:\/\/www.actualidadadiario.com\/index.php\/wp-json\/wp\/v2\/posts\/58262\/revisions\/58264"}],"wp:featuredmedia":[{"embeddable":true,"href":"https:\/\/www.actualidadadiario.com\/index.php\/wp-json\/wp\/v2\/media\/58263"}],"wp:attachment":[{"href":"https:\/\/www.actualidadadiario.com\/index.php\/wp-json\/wp\/v2\/media?parent=58262"}],"wp:term":[{"taxonomy":"category","embeddable":true,"href":"https:\/\/www.actualidadadiario.com\/index.php\/wp-json\/wp\/v2\/categories?post=58262"},{"taxonomy":"post_tag","embeddable":true,"href":"https:\/\/www.actualidadadiario.com\/index.php\/wp-json\/wp\/v2\/tags?post=58262"}],"curies":[{"name":"wp","href":"https:\/\/api.w.org\/{rel}","templated":true}]}}