{"id":58259,"date":"2020-02-27T12:51:06","date_gmt":"2020-02-27T15:51:06","guid":{"rendered":"https:\/\/www.actualidadadiario.com\/?p=58259"},"modified":"2020-02-27T12:51:06","modified_gmt":"2020-02-27T15:51:06","slug":"jubilaciones-de-privilegio-tonelli-confirmo-que-juntos-por-el-cambio-no-dara-quorum","status":"publish","type":"post","link":"https:\/\/www.actualidadadiario.com\/index.php\/2020\/02\/27\/jubilaciones-de-privilegio-tonelli-confirmo-que-juntos-por-el-cambio-no-dara-quorum\/","title":{"rendered":"Jubilaciones de privilegio: Tonelli confirm\u00f3 que Juntos por el Cambio no dar\u00e1 qu\u00f3rum"},"content":{"rendered":"<p style=\"text-align: center;\"><em><strong>El diputado nacional Pablo Tonelli ratific\u00f3 esta ma\u00f1ana que Juntos por el Cambio no dar\u00e1 quorum para el tratamiento de la reforma de las jubilaciones del Poder Judicial. El legislador del PRO advirti\u00f3 en una entrevista que si se aprueba el proyecto del oficialismo, habr\u00e1 \u201cun \u00e9xodo masivo de jueces\u201d. Esta situaci\u00f3n ha comenzado a palpitarse, ya que este jueves renunci\u00f3 un magistrado de la Capital Federal<\/strong><\/em><\/p>\n<p>&nbsp;<\/p>\n<p>En declaraciones radiales, el dirigente coment\u00f3 que su espacio no consigui\u00f3 \u201cque el oficialismo postergara el debate\u201d. Asimismo, cuestion\u00f3 la negativa del Frente de Todos \u201ca introducir algunos cambios que parec\u00edan esenciales\u201d. \u201cPor eso hemos dejado que el qu\u00f3rum lo consiga el oficialismo; si lo consigue, daremos el debate\u201d, sostuvo en un di\u00e1logo con el programa Ruleta rusa, de Rock and Pop.<\/p>\n<p>Tonelli asegur\u00f3 que la posici\u00f3n del interbloque de Juntos por el Cambio es evitar es \u201cun \u00e9xodo masivo de jueces\u201d. \u201cSi se aprueba (el proyecto), de ac\u00e1 a muy poco tiempo en Tribunales no va a haber ning\u00fan juez, porque va a haber m\u00e1s vacantes que cargos efectivos\u201d, advirti\u00f3. Tambi\u00e9n pronostic\u00f3 que no se cumplir\u00e1n las subrogancias y que la Justicia colapsar\u00e1 o funcionar\u00e1 \u201cmuch\u00edsimo peor de lo que est\u00e1 funcionando, que ya no es una maravilla\u201d.<\/p>\n<p>El diputado cuestion\u00f3 tambi\u00e9n la \u201cfalta informaci\u00f3n\u201d con respecto al proyecto del oficialismo. Es por esto que indic\u00f3 que su fuerza pol\u00edtica dar\u00e1 qu\u00f3rum solo si se otorga m\u00e1s tiempo para debatirlo y analizarlo. El texto no solo ha tenido una recepci\u00f3n negativa en la fuerza liderada por Mauricio Macri, sino tambi\u00e9n en el Frente de Izquierda (FIT). Una de las voces cr\u00edticas es la de N\u00e9stor Pitrola, quien asegur\u00f3 que la propuesta del Gobierno \u201cno termina con los privilegios de los jueces\u201d.<\/p>\n<p>&nbsp;<\/p>\n<p><strong>Temor por la reforma de las jubilaciones de privilegio<\/strong><\/p>\n<p>Pese a que a\u00fan no se ha debatido el proyecto, la posibilidad de una reforma en las jubilaciones de los judiciales ya genera repercusiones. Esta ma\u00f1ana se conoci\u00f3 la primera renuncia de un juez. Se trata de Roberto Oscar Ponce, quien abandonar\u00e1 el 1 de marzo su cargo en el Juzgado Nacional en lo Criminal y Correccional n 23 de la Capital Federal. Su dimisi\u00f3n fue anunciada por medio del decreto 185\/2020, publicado en el Bolet\u00edn Oficial.<\/p>\n","protected":false},"excerpt":{"rendered":"<p>El diputado nacional Pablo Tonelli ratific\u00f3 esta ma\u00f1ana que Juntos por el Cambio no dar\u00e1 quorum para el tratamiento de la reforma de las jubilaciones del Poder Judicial. El legislador del PRO advirti\u00f3 en una entrevista que si se aprueba el proyecto del oficialismo, habr\u00e1 \u201cun \u00e9xodo masivo de jueces\u201d. Esta situaci\u00f3n ha comenzado a palpitarse, ya que este jueves renunci\u00f3 un magistrado de la Capital Federal &nbsp; En declaraciones radiales, el dirigente coment\u00f3 que su espacio no consigui\u00f3 \u201cque el oficialismo postergara el debate\u201d. Asimismo, cuestion\u00f3 la negativa del&#8230;<\/p>\n","protected":false},"author":3,"featured_media":58260,"comment_status":"closed","ping_status":"closed","sticky":false,"template":"","format":"standard","meta":[],"categories":[18],"tags":[],"_links":{"self":[{"href":"https:\/\/www.actualidadadiario.com\/index.php\/wp-json\/wp\/v2\/posts\/58259"}],"collection":[{"href":"https:\/\/www.actualidadadiario.com\/index.php\/wp-json\/wp\/v2\/posts"}],"about":[{"href":"https:\/\/www.actualidadadiario.com\/index.php\/wp-json\/wp\/v2\/types\/post"}],"author":[{"embeddable":true,"href":"https:\/\/www.actualidadadiario.com\/index.php\/wp-json\/wp\/v2\/users\/3"}],"replies":[{"embeddable":true,"href":"https:\/\/www.actualidadadiario.com\/index.php\/wp-json\/wp\/v2\/comments?post=58259"}],"version-history":[{"count":1,"href":"https:\/\/www.actualidadadiario.com\/index.php\/wp-json\/wp\/v2\/posts\/58259\/revisions"}],"predecessor-version":[{"id":58261,"href":"https:\/\/www.actualidadadiario.com\/index.php\/wp-json\/wp\/v2\/posts\/58259\/revisions\/58261"}],"wp:featuredmedia":[{"embeddable":true,"href":"https:\/\/www.actualidadadiario.com\/index.php\/wp-json\/wp\/v2\/media\/58260"}],"wp:attachment":[{"href":"https:\/\/www.actualidadadiario.com\/index.php\/wp-json\/wp\/v2\/media?parent=58259"}],"wp:term":[{"taxonomy":"category","embeddable":true,"href":"https:\/\/www.actualidadadiario.com\/index.php\/wp-json\/wp\/v2\/categories?post=58259"},{"taxonomy":"post_tag","embeddable":true,"href":"https:\/\/www.actualidadadiario.com\/index.php\/wp-json\/wp\/v2\/tags?post=58259"}],"curies":[{"name":"wp","href":"https:\/\/api.w.org\/{rel}","templated":true}]}}