{"id":58256,"date":"2020-02-27T12:50:21","date_gmt":"2020-02-27T15:50:21","guid":{"rendered":"https:\/\/www.actualidadadiario.com\/?p=58256"},"modified":"2020-02-27T12:50:21","modified_gmt":"2020-02-27T15:50:21","slug":"con-modificaciones-este-jueves-diputados-trata-el-cambio-del-regimen-jubilatorio-de-jueces-y-diplomaticos","status":"publish","type":"post","link":"https:\/\/www.actualidadadiario.com\/index.php\/2020\/02\/27\/con-modificaciones-este-jueves-diputados-trata-el-cambio-del-regimen-jubilatorio-de-jueces-y-diplomaticos\/","title":{"rendered":"Con modificaciones, este jueves Diputados trata el cambio del r\u00e9gimen jubilatorio de jueces y diplom\u00e1ticos"},"content":{"rendered":"<p style=\"text-align: center;\"><em><strong>El gobierno nacional acept\u00f3 modificaciones en el proyecto y le baj\u00f3 el tono al argumento del sector judicial, reproducido por la oposici\u00f3n, de una posible estampida de magistrados en funciones que dejar\u00edan vacante decenas de juzgados de distintos fueros<\/strong><\/em><\/p>\n<p>&nbsp;<\/p>\n<p>&nbsp;<\/p>\n<p>Finalmente, como pretend\u00eda el gobierno nacional, el cambio del r\u00e9gimen jubilatorio de jueces y diplom\u00e1ticos se tratar\u00e1 este jueves en la c\u00e1mara de Diputados. El tema gener\u00f3 pol\u00e9mica tras la presentaci\u00f3n del proyecto del Poder Ejecutivo que extiende la edad y limita los haberes que van a percibir los magistrados y los funcionarios que cumplen tareas en el exterior a la hora de su retiro del sistema laboral.<\/p>\n<p>Horas antes a la reuni\u00f3n del plenario de las comisiones de Previsi\u00f3n Social, y Presupuesto y Hacienda -de la que participaron el ministro de Trabajo. Claudio Moroni; el secretario de Seguridad Social, Luis Bulit Go\u00f1i, y el director ejecutivo de ANSES, Alejandro Vanoli- el bloque de Juntos por el Cambio pidi\u00f3 que se incorpore en el texto una cl\u00e1usula transitoria que asegure que quienes hoy est\u00e1n en condiciones de jubilarse de acuerdo al R\u00e9gimen de la Ley 24.018 lo van a poder hacer si permanecen dentro del Poder Judicial.<\/p>\n<p>La situaci\u00f3n fue inmediatamente desactivada por Moroni quien al momento de su exposici\u00f3n explic\u00f3 que \u201cel proyecto no afecta los derechos adquiridos de ninguno de los funcionarios que est\u00e1n hoy en condiciones de tener ese beneficio, sea que se jubilen hoy o que contin\u00faen trabajando hasta los 75 a\u00f1os\u201d,\u00a0 l\u00edmite de edad que fija la Constituci\u00f3n Nacional.<\/p>\n<p>Con tono conciliador, el ministro se pregunt\u00f3 \u201ccu\u00e1l es el nivel de desigualdad que debe haber en la distribuci\u00f3n de los recursos a favor de los jueces\u201d. En ese sentido, se\u00f1al\u00f3 que el gobierno \u201cplantea que tenemos un sistema social de reparto cuyo criterio b\u00e1sico es la solidaridad y la redistribuci\u00f3n, pero hay algunos de estos principios que no se est\u00e1n cumpliendo\u201d.<\/p>\n<p>\u201cEl 5% de los beneficios m\u00e1s altos consumen m\u00e1s del 20 % de los recursos del sistema, por lo que creemos que ah\u00ed tenemos un problema. Entre los dos reg\u00edmenes que ten\u00edan mayor diferencia estaban jueces y magistrados y el r\u00e9gimen de servicio exterior, por eso planteamos que deb\u00edan ser corregidos en el sentido de tratar de acercarlos al sistema general\u201d, asegur\u00f3.<\/p>\n<p>Moroni indic\u00f3 que \u201cel haber promedio en judiciales es de 290 mil pesos mensuales con extremos 770 mil pesos, mientras que en el servicio exterior el haber promedio es de 320 mil pesos, con extremos de 600 mil mensuales\u201d.<\/p>\n<p>Sobre la marcha, y con la intenci\u00f3n de desactivar cualquier argumento por parte de los bloques opositores que expon\u00edan en la Sala C del edificio Anexo Diputados, el gobierno habilit\u00f3 algunos cambios en la letra chica del proyecto.<\/p>\n<p>Se corrigi\u00f3 el art\u00edculo que establece la edad jubilatoria, elevando la misma para hombres en 65 a\u00f1os en un plazo gradual y manteniendo en 60 a\u00f1os la edad de las mujeres.<\/p>\n<p>Por otro lado, se modific\u00f3 el art\u00edculo 17 inc. B, aclarando que para el c\u00e1lculo del haber inicial se van a tomar los 120 haberes al valor que tengan en el momento de pedir la jubilaci\u00f3n. \u201cHoy los jueces se jubilan con una tasa de sustituci\u00f3n fija determinada por la ley que es el 82% sobre el \u00faltimo haber\u201d, asegur\u00f3 Moroni.<\/p>\n<p>Si bien el oficialismo conf\u00eda que tendr\u00e1 el qu\u00f3rum el jueves para comenzar a tratar la iniciativa en el recinto, ya que contar\u00eda con los representantes de los inter bloques que presiden el diputado Jos\u00e9 Lu\u00eds Ram\u00f3n y Eduardo &#8220;Bali&#8221; Bucca, este mi\u00e9rcoles los enviados de Casa Rosada consiguieron dejar sin argumentos a los legisladores de Juntos por el Cambio, sobre todo cuando fueron ellos mismos quienes denunciaron que Alberto Fern\u00e1ndez &#8220;tocaba las jubilaciones m\u00ednimas pero dejaba afuera las de privilegios&#8221;, en momentos de aprobaci\u00f3n de la ley de emergencia econ\u00f3mica. Tal vez, por entonces creyeron que el gobierno no se iba a atrever a meterse con la corporaci\u00f3n judicial.<\/p>\n","protected":false},"excerpt":{"rendered":"<p>El gobierno nacional acept\u00f3 modificaciones en el proyecto y le baj\u00f3 el tono al argumento del sector judicial, reproducido por la oposici\u00f3n, de una posible estampida de magistrados en funciones que dejar\u00edan vacante decenas de juzgados de distintos fueros &nbsp; &nbsp; Finalmente, como pretend\u00eda el gobierno nacional, el cambio del r\u00e9gimen jubilatorio de jueces y diplom\u00e1ticos se tratar\u00e1 este jueves en la c\u00e1mara de Diputados. El tema gener\u00f3 pol\u00e9mica tras la presentaci\u00f3n del proyecto del Poder Ejecutivo que extiende la edad y limita los haberes que van a percibir los&#8230;<\/p>\n","protected":false},"author":3,"featured_media":58257,"comment_status":"closed","ping_status":"closed","sticky":false,"template":"","format":"standard","meta":[],"categories":[18],"tags":[],"_links":{"self":[{"href":"https:\/\/www.actualidadadiario.com\/index.php\/wp-json\/wp\/v2\/posts\/58256"}],"collection":[{"href":"https:\/\/www.actualidadadiario.com\/index.php\/wp-json\/wp\/v2\/posts"}],"about":[{"href":"https:\/\/www.actualidadadiario.com\/index.php\/wp-json\/wp\/v2\/types\/post"}],"author":[{"embeddable":true,"href":"https:\/\/www.actualidadadiario.com\/index.php\/wp-json\/wp\/v2\/users\/3"}],"replies":[{"embeddable":true,"href":"https:\/\/www.actualidadadiario.com\/index.php\/wp-json\/wp\/v2\/comments?post=58256"}],"version-history":[{"count":1,"href":"https:\/\/www.actualidadadiario.com\/index.php\/wp-json\/wp\/v2\/posts\/58256\/revisions"}],"predecessor-version":[{"id":58258,"href":"https:\/\/www.actualidadadiario.com\/index.php\/wp-json\/wp\/v2\/posts\/58256\/revisions\/58258"}],"wp:featuredmedia":[{"embeddable":true,"href":"https:\/\/www.actualidadadiario.com\/index.php\/wp-json\/wp\/v2\/media\/58257"}],"wp:attachment":[{"href":"https:\/\/www.actualidadadiario.com\/index.php\/wp-json\/wp\/v2\/media?parent=58256"}],"wp:term":[{"taxonomy":"category","embeddable":true,"href":"https:\/\/www.actualidadadiario.com\/index.php\/wp-json\/wp\/v2\/categories?post=58256"},{"taxonomy":"post_tag","embeddable":true,"href":"https:\/\/www.actualidadadiario.com\/index.php\/wp-json\/wp\/v2\/tags?post=58256"}],"curies":[{"name":"wp","href":"https:\/\/api.w.org\/{rel}","templated":true}]}}