{"id":58247,"date":"2020-02-27T12:48:17","date_gmt":"2020-02-27T15:48:17","guid":{"rendered":"https:\/\/www.actualidadadiario.com\/?p=58247"},"modified":"2020-02-27T12:48:17","modified_gmt":"2020-02-27T15:48:17","slug":"docentes-sellaron-acuerdo-semestral-con-un-basico-de-23-000","status":"publish","type":"post","link":"https:\/\/www.actualidadadiario.com\/index.php\/2020\/02\/27\/docentes-sellaron-acuerdo-semestral-con-un-basico-de-23-000\/","title":{"rendered":"Docentes sellaron acuerdo semestral con un b\u00e1sico de $23.000"},"content":{"rendered":"<p style=\"text-align: center;\"><em><strong>El Gobierno tens\u00f3 la cuerda hasta \u00faltimo momento en la pulseada salarial con los maestros y profesores y el plan result\u00f3 a la perfecci\u00f3n. Para la segunda reuni\u00f3n de la Paritaria Nacional Docente (PND) se pact\u00f3 cerrar una negociaci\u00f3n semestral que abarca a m\u00e1s de un mill\u00f3n de trabajadores de la educaci\u00f3n. La propuesta de la Casa Rosada, en boca del ministro de Educaci\u00f3n Nicol\u00e1s Trotta, fue llevar el salario m\u00ednimo, vigente en $20.250, a $23.000 en marzo y $25.000 desde julio. A eso la Naci\u00f3n agrega una suma de $4.840 en cuatro pagos. Los sindicatos responder\u00e1n en las pr\u00f3ximas horas, aunque la oferta fue vista con buenos ojos. Resta la consulta protocolar a las bases pero el spoiler es que llegar\u00e1 la afirmativa en un pacto<\/strong><\/em><\/p>\n<p>&nbsp;<\/p>\n<p>M\u00e1s all\u00e1 de los n\u00fameros, tuvo un peso relevante para el visto bueno de las organizaciones que tutelan a los trabajadores de la educaci\u00f3n que se concretara el regreso de la PND que la administraci\u00f3n Cambiemos &#8220;desactiv\u00f3&#8221; por decreto en 2018. Tambi\u00e9n sin mensura econ\u00f3mica, conducciones sindicales y las bases apreciaron el final de un &#8220;destrato&#8221; que recibieron sin disimulo alguno en muchas ocasiones por parte del Gobierno y las provincias bajo gesti\u00f3n macrista.<\/p>\n<p>P\u00e1rrafo aparte para recordar que tambi\u00e9n desde los gremios, la UDA acudi\u00f3 a la Justicia para que convocara la PND y no en tono protocolar sino sentando precedente.<\/p>\n<p>Mientras que no falt\u00f3 quien se preguntara en voz alta qu\u00e9 puede hacer un maestro con el nuevo b\u00e1sico en cuanto a necesidades concretas como alimentaci\u00f3n y servicios, para los sindicatos el com\u00fan denominador fue resumir la PND en un &#8220;moderado optimismo&#8221; respecto a lo que vendr\u00e1.<\/p>\n<p>Trotta fue el encargado de realizar el anuncio formal acompa\u00f1ado por el ministro de Trabajo, Claudio Moroni. El titular de la cartera educativa tuvo un pr\u00f3logo audaz para lo que ayer se anunci\u00f3 respecto a que los salarios no ser\u00edan derrotados ni goleados por la inflaci\u00f3n del a\u00f1o que se estima a la fecha en un 40%.<\/p>\n<p>Tanto Trotta como la dirigencia sindical ratificaron el pago de los $1.210 por cargo -hasta dos- v\u00eda Fondo Nacional de Incentivo Docente (Fonid), detall\u00f3.<\/p>\n<p>&#8220;Ese dinero en concepto del Fonid no se toca. Continuar\u00e1 siendo abonado como hasta ahora&#8221;, realz\u00f3 Sergio Romero titular de UDA y la secretar\u00eda de Educaci\u00f3n en la CGT, acotando que llega la labor para &#8220;el pago de sumas remunerativas, para lo cual se impone la continuidad de las reuniones, en especial de la comisi\u00f3n del Salario, ya que fue solo el puntapi\u00e9 inicial, luego de la destrucci\u00f3n operada durante los \u00faltimos cuatro a\u00f1os&#8221;.<\/p>\n<p>La PND se desarroll\u00f3 en el Palacio Sarmiento y con la participaci\u00f3n gremial, adem\u00e1s de la UDA, de la Confederaci\u00f3n de Trabajadores de la Educaci\u00f3n (Ctera), la Confederaci\u00f3n de Educadores Argentinos (CEA), el Sindicato Argentino de Docentes Privados (Sadop) y la Asociaci\u00f3n del Magisterio de Ense\u00f1anza T\u00e9cnica (AMET).<\/p>\n<p>P\u00e1rrafo adicional para los privados del Sadop que conduce Jorge Kalinger ya que hab\u00edan sido &#8220;apartados&#8221; de la negociaci\u00f3n en tiempos de la gesti\u00f3n del ex ministro Esteban Bullrich &#8220;bajo presunci\u00f3n de considerarlos ajenos&#8221; a la discusi\u00f3n salarial con el Estado Nacional. Postal de \u00e9poca, podr\u00eda resumirse.<\/p>\n<p>Diferencias sindicales inevitables, juegos de poder y egos infaltables, la tracci\u00f3n de resistencia sindical les asiste a cada una de las organizaciones que tutelan a los educadores.<\/p>\n","protected":false},"excerpt":{"rendered":"<p>El Gobierno tens\u00f3 la cuerda hasta \u00faltimo momento en la pulseada salarial con los maestros y profesores y el plan result\u00f3 a la perfecci\u00f3n. Para la segunda reuni\u00f3n de la Paritaria Nacional Docente (PND) se pact\u00f3 cerrar una negociaci\u00f3n semestral que abarca a m\u00e1s de un mill\u00f3n de trabajadores de la educaci\u00f3n. La propuesta de la Casa Rosada, en boca del ministro de Educaci\u00f3n Nicol\u00e1s Trotta, fue llevar el salario m\u00ednimo, vigente en $20.250, a $23.000 en marzo y $25.000 desde julio. A eso la Naci\u00f3n agrega una suma de&#8230;<\/p>\n","protected":false},"author":3,"featured_media":58248,"comment_status":"closed","ping_status":"closed","sticky":false,"template":"","format":"standard","meta":[],"categories":[9],"tags":[],"_links":{"self":[{"href":"https:\/\/www.actualidadadiario.com\/index.php\/wp-json\/wp\/v2\/posts\/58247"}],"collection":[{"href":"https:\/\/www.actualidadadiario.com\/index.php\/wp-json\/wp\/v2\/posts"}],"about":[{"href":"https:\/\/www.actualidadadiario.com\/index.php\/wp-json\/wp\/v2\/types\/post"}],"author":[{"embeddable":true,"href":"https:\/\/www.actualidadadiario.com\/index.php\/wp-json\/wp\/v2\/users\/3"}],"replies":[{"embeddable":true,"href":"https:\/\/www.actualidadadiario.com\/index.php\/wp-json\/wp\/v2\/comments?post=58247"}],"version-history":[{"count":1,"href":"https:\/\/www.actualidadadiario.com\/index.php\/wp-json\/wp\/v2\/posts\/58247\/revisions"}],"predecessor-version":[{"id":58249,"href":"https:\/\/www.actualidadadiario.com\/index.php\/wp-json\/wp\/v2\/posts\/58247\/revisions\/58249"}],"wp:featuredmedia":[{"embeddable":true,"href":"https:\/\/www.actualidadadiario.com\/index.php\/wp-json\/wp\/v2\/media\/58248"}],"wp:attachment":[{"href":"https:\/\/www.actualidadadiario.com\/index.php\/wp-json\/wp\/v2\/media?parent=58247"}],"wp:term":[{"taxonomy":"category","embeddable":true,"href":"https:\/\/www.actualidadadiario.com\/index.php\/wp-json\/wp\/v2\/categories?post=58247"},{"taxonomy":"post_tag","embeddable":true,"href":"https:\/\/www.actualidadadiario.com\/index.php\/wp-json\/wp\/v2\/tags?post=58247"}],"curies":[{"name":"wp","href":"https:\/\/api.w.org\/{rel}","templated":true}]}}