{"id":58245,"date":"2020-02-27T12:47:30","date_gmt":"2020-02-27T15:47:30","guid":{"rendered":"https:\/\/www.actualidadadiario.com\/?p=58245"},"modified":"2020-02-27T12:47:30","modified_gmt":"2020-02-27T15:47:30","slug":"una-sola-mano-en-el-discurso-del-1-de-marzo","status":"publish","type":"post","link":"https:\/\/www.actualidadadiario.com\/index.php\/2020\/02\/27\/una-sola-mano-en-el-discurso-del-1-de-marzo\/","title":{"rendered":"Una sola mano en el discurso del 1\u00b0 de marzo"},"content":{"rendered":"<p style=\"text-align: center;\"><em><strong>Alberto Fern\u00e1ndez delinea el temario que dir\u00e1 ante la Asamblea Legislativa. \u00bfQui\u00e9nes lo ayudan a preparar la apertura de sesiones? El Presidente trabaja sobre los principales proyectos que enviar\u00e1 al Congreso<\/strong><\/em><\/p>\n<p>&nbsp;<\/p>\n<p>&nbsp;<\/p>\n<p>&nbsp;<\/p>\n<p>La lapicera de las definiciones de los anuncios del pr\u00f3ximo domingo est\u00e1 en manos del Alberto Fern\u00e1ndez. Hace unas semanas hab\u00eda dicho que \u00e9l ten\u00eda tambi\u00e9n la tinta de la lapicera, pero que acudir\u00eda a Cristina Kirchner si le hac\u00eda falta un cartucho. Obviamente el Presidente hablaba sobre qui\u00e9n toma las decisiones.<\/p>\n<p>De la misma manera que viene manejando la gesti\u00f3n, Fern\u00e1ndez prepara el discurso del domingo para la apertura de sesiones. No es la primera vez que habla ante el Congreso. Habr\u00e1 algunos lineamientos de lo que expuso ante los legisladores el 10 de diciembre pasado cuando asumi\u00f3 en el Poder Ejecutivo. Esta ser\u00e1 la segunda vez ante la Asamblea Legislativa.<\/p>\n<p>La Casa Rosada arm\u00f3 un esquema de trabajo orientado a ayudar al Presidente. Fuentes del entorno presidencial confiaron a BAE Negocios que detr\u00e1s de la letra chica del discurso est\u00e1n el jefe de Gabinete, Santiago Cafiero, y el secretario de Asuntos Estrat\u00e9gicos, Gustavo B\u00e9liz. Dos perfiles totalmente distintos en cuanto a la exposici\u00f3n p\u00fablica, pero los dos hombres de consulta constante del jefe de Estado.<\/p>\n<p>Otro de los funcionarios a los que deleg\u00f3 la misi\u00f3n de redactar los ejes de algunos de los proyectos del primer a\u00f1o de gesti\u00f3n es Vilma Ibarra, su ex mujer y actual Secretaria Legal y T\u00e9cnica. M\u00e1s all\u00e1 de la confianza indeclinable, ser\u00e1 fundamenal su aporte para presentar el proyecto de legalizaci\u00f3n del aborto. Ser\u00e1 una de las iniciativas que presentar\u00e1 el Ejecutivo en el Congreso cuando exponga el domingo. Ibarra fue la primera legisladora en presentar una iniciativa cuando era senadora en 2006. Es una de las mujeres con mayor poder en el manejo de los temas importantes de la Casa Rosada. Tambi\u00e9n est\u00e1 al frente de la dura reforma judicial que quieren impulsar desde Balcarce 50.<\/p>\n<p>&#8220;Vilma est\u00e1 trabajando en el esquema del discurso con varios aportes&#8221;, describieron a este diario. Todos los ministerios enviar\u00e1n adem\u00e1s letra con respecto a sus \u00e1reas. Ese fue el pedido que hizo Cafiero a cada uno de los ministros.<\/p>\n<p>Si bien hay un hermetismo sobre los temas que hablar\u00e1 ante la Asamblea Legislativa, la lapicera que define todo es la de Alberto Fern\u00e1ndez. Desde el entorno del Presidente se\u00f1alaron que &#8220;la \u00faltima palabra del discurso la define \u00e9l&#8221;. Tampoco hay nadie designado para la escritura de lo que dir\u00e1 el 1\u00b0 de marzo. &#8220;Lo escribe \u00e9l s\u00f3lo. No quiere que nadie se meta&#8221;, se\u00f1alaron fuentes gubernamentales.<\/p>\n<p>&nbsp;<\/p>\n<p><strong>Proyectos<\/strong><\/p>\n<p>La agenda parlamentaria que plantear\u00e1 el Gobierno estar\u00e1 en l\u00ednea con las primeras definiciones que dio el Presidente el 10 de diciembre donde prometi\u00f3 &#8220;una reforma integral de la Justicia&#8221;. Ese ser\u00e1 uno de los ejes puntuales.<\/p>\n<p>Resaltar\u00e1 las medidas urgentes se que tomaron como prioridades en la lucha contra al hambre. Har\u00e1 una s\u00edntesis de la herencia recibida en materia econ\u00f3mica. C\u00f3mo ya se hab\u00eda adelantado, prometer\u00e1 un nuevo proyecto de ley de Presupuesto. No se trat\u00f3 el enviado por el gobierno anterior, por lo que los primeros\u00a0 meses se gobernar\u00e1 prorrogando lo que rige del a\u00f1o anterior. Hasta que no haya renegociaci\u00f3n de la deuda con el FMI, no se proyectar\u00e1 un nuevo presupuesto.<\/p>\n<p>Dentro de la bater\u00eda de normas, que muchas fueron adelantadas el 10 de diciembre, se incluir\u00eda la creaci\u00f3n del Consejo Econ\u00f3mico y Social, un proyecto de autor\u00eda del ex candidato a presidente, Roberto Lavagna. Sin embargo, en el breve contacto que tuvieron la semanada pasada, el economista le recomend\u00f3 a Fern\u00e1ndez que &#8220;no era el momento&#8221; para juntar a los distintos sectores.<\/p>\n<p>Con respecto a la reforma judicial, la primera medida avanzar\u00e1 esta semana con la derogaci\u00f3n de\u00a0 las jubilaciones de privilegio para los jueces. Otro de los puntos ser\u00e1 ir hacia un sistema acusatorio.<\/p>\n<p>La ley jubilatoria, de la que debe determinarse una nueva f\u00f3rmula, tendr\u00e1 que definirse en los pr\u00f3ximos meses y deber\u00e1 pasar por el Congreso. Habr\u00e1 alguna menci\u00f3n para distender la angustia de uno de los sectores m\u00e1s postergados, luego de la definici\u00f3n de un aumento por decreto.<\/p>\n<p>Las modificaciones en las retenciones ser\u00edan incluidas en el temario. Es uno de los rumores que corri\u00f3 con m\u00e1s fuerza en las \u00faltimas horas. Desde la Rosada, no hay confirmaci\u00f3n oficial. Subir\u00edan tres puntos las retenciones a la soja.<\/p>\n","protected":false},"excerpt":{"rendered":"<p>Alberto Fern\u00e1ndez delinea el temario que dir\u00e1 ante la Asamblea Legislativa. \u00bfQui\u00e9nes lo ayudan a preparar la apertura de sesiones? El Presidente trabaja sobre los principales proyectos que enviar\u00e1 al Congreso &nbsp; &nbsp; &nbsp; La lapicera de las definiciones de los anuncios del pr\u00f3ximo domingo est\u00e1 en manos del Alberto Fern\u00e1ndez. Hace unas semanas hab\u00eda dicho que \u00e9l ten\u00eda tambi\u00e9n la tinta de la lapicera, pero que acudir\u00eda a Cristina Kirchner si le hac\u00eda falta un cartucho. Obviamente el Presidente hablaba sobre qui\u00e9n toma las decisiones. De la misma manera&#8230;<\/p>\n","protected":false},"author":3,"featured_media":57851,"comment_status":"closed","ping_status":"closed","sticky":false,"template":"","format":"standard","meta":[],"categories":[9],"tags":[],"_links":{"self":[{"href":"https:\/\/www.actualidadadiario.com\/index.php\/wp-json\/wp\/v2\/posts\/58245"}],"collection":[{"href":"https:\/\/www.actualidadadiario.com\/index.php\/wp-json\/wp\/v2\/posts"}],"about":[{"href":"https:\/\/www.actualidadadiario.com\/index.php\/wp-json\/wp\/v2\/types\/post"}],"author":[{"embeddable":true,"href":"https:\/\/www.actualidadadiario.com\/index.php\/wp-json\/wp\/v2\/users\/3"}],"replies":[{"embeddable":true,"href":"https:\/\/www.actualidadadiario.com\/index.php\/wp-json\/wp\/v2\/comments?post=58245"}],"version-history":[{"count":1,"href":"https:\/\/www.actualidadadiario.com\/index.php\/wp-json\/wp\/v2\/posts\/58245\/revisions"}],"predecessor-version":[{"id":58246,"href":"https:\/\/www.actualidadadiario.com\/index.php\/wp-json\/wp\/v2\/posts\/58245\/revisions\/58246"}],"wp:featuredmedia":[{"embeddable":true,"href":"https:\/\/www.actualidadadiario.com\/index.php\/wp-json\/wp\/v2\/media\/57851"}],"wp:attachment":[{"href":"https:\/\/www.actualidadadiario.com\/index.php\/wp-json\/wp\/v2\/media?parent=58245"}],"wp:term":[{"taxonomy":"category","embeddable":true,"href":"https:\/\/www.actualidadadiario.com\/index.php\/wp-json\/wp\/v2\/categories?post=58245"},{"taxonomy":"post_tag","embeddable":true,"href":"https:\/\/www.actualidadadiario.com\/index.php\/wp-json\/wp\/v2\/tags?post=58245"}],"curies":[{"name":"wp","href":"https:\/\/api.w.org\/{rel}","templated":true}]}}