{"id":58238,"date":"2020-02-27T12:45:24","date_gmt":"2020-02-27T15:45:24","guid":{"rendered":"https:\/\/www.actualidadadiario.com\/?p=58238"},"modified":"2020-02-27T12:45:24","modified_gmt":"2020-02-27T15:45:24","slug":"la-produccion-industrial-crecio-48-en-enero-tras-dos-anos-de-contraccion","status":"publish","type":"post","link":"https:\/\/www.actualidadadiario.com\/index.php\/2020\/02\/27\/la-produccion-industrial-crecio-48-en-enero-tras-dos-anos-de-contraccion\/","title":{"rendered":"La producci\u00f3n industrial creci\u00f3 4,8% en enero, tras dos a\u00f1os de contracci\u00f3n"},"content":{"rendered":"<p style=\"text-align: center;\"><em><strong>Seg\u00fan el relevamiento de la Fundaci\u00f3n de Investigaciones Econ\u00f3micas Latinoamericana, los sectores que m\u00e1s mejoraron son el automotriz y la producci\u00f3n de qu\u00edmicos y pl\u00e1sticos<\/strong><\/em><\/p>\n<p>&nbsp;<\/p>\n<p>&nbsp;<\/p>\n<p>La actividad industrial interrumpi\u00f3 el proceso de ca\u00edda de los \u00faltimos dos a\u00f1os y alcanz\u00f3 en enero un crecimiento interanual del 4,8%, de acuerdo al relevamiento sectorial de la Fundaci\u00f3n de Investigaciones Econ\u00f3micas Latinoamericana (FIEL).<\/p>\n<p>A la vez, el informe plante\u00f3 que el \u00cdndice de Producci\u00f3n Industrial (IPI) de FIEL cerr\u00f3 en 2019 con un retroceso de 4,6% respecto al a\u00f1o anterior, encadenando dos a\u00f1os de contracci\u00f3n.<\/p>\n<p>Tras un escenario de ca\u00edda generalizada desde inicios de 2019 que en los meses siguientes dio paso a mejoras interanuales en ramas puntuales como la producci\u00f3n de alimentos y bebidas y en la refinaci\u00f3n de petr\u00f3leo, el IPI de diciembre mostr\u00f3 un freno en la ca\u00edda interanual al avanzar 3,4%.<\/p>\n<p>En el \u00faltimo mes del a\u00f1o se observ\u00f3 respecto a noviembre un alza de 0,4% ajustado por estacionalidad, en tanto que el cuarto trimestre de 2019 acumul\u00f3 una ligera ca\u00edda interanual del 0.2%, mientras que en relaci\u00f3n al III trimestre la actividad ajustada estacionalmente retrocedi\u00f3 0,3%.<\/p>\n<p>Como rese\u00f1a de 2019, la producci\u00f3n de bienes de consumo no durable avanz\u00f3 0,3% en el a\u00f1o pasado, la de bienes de uso intermedio retrocedi\u00f3 3,4%, seguida de la de bienes de consumo durable que cay\u00f3 12,9% y la de bienes de capital que se contrajo 14,8%.<\/p>\n<p>En tanto, en enero 2020, de acuerdo a informaci\u00f3n preliminar de FIEL, la producci\u00f3n industrial repiti\u00f3 la interrupci\u00f3n de la ca\u00edda interanual, mostrando una mejora de 4.8%.<\/p>\n<p>As\u00ed en el mes mostraron mejoras la producci\u00f3n automotriz (39,2%), la producci\u00f3n de qu\u00edmicos y pl\u00e1sticos (14,6%), la metalmec\u00e1nica (5,6%), la producci\u00f3n de papel y celulosa (2,5%), los insumos textiles (2%), el proceso de petr\u00f3leo (0.9%) y los alimentos y bebidas (0.5%), en cada caso en comparaci\u00f3n con enero del a\u00f1o anterior.<\/p>\n<p>En cambio, los despachos de cigarrillos retrocedieron 5.4%, mientras que la producci\u00f3n de minerales no met\u00e1licos lo hizo 5,8% y la siderurgia 11,1%, sobre la misma base de comparaci\u00f3n.<\/p>\n<p>En t\u00e9rminos desestacionalizados, el IPI de enero avanz\u00f3 1,2% respecto al mes anterior pero sin embargo, la industria contin\u00faa mostrando &#8220;un panorama de debilidad manteni\u00e9ndose la condici\u00f3n de estancamiento&#8221;, plante\u00f3 FIEL.<\/p>\n<p>&#8220;En el corto plazo el interrogante que se plantea es la sostenibilidad de los resultados de fr\u00e1gil recuperaci\u00f3n observados en diciembre y enero&#8221;, continu\u00f3 el trabajo.<\/p>\n<p>En este escenario es &#8220;prematuro&#8221; establecer el impacto neto sobre la actividad industrial \u2010a trav\u00e9s del consumo\u2010 de las pol\u00edticas de redistribuci\u00f3n de ingresos implementada por el Gobierno nacional.<\/p>\n","protected":false},"excerpt":{"rendered":"<p>Seg\u00fan el relevamiento de la Fundaci\u00f3n de Investigaciones Econ\u00f3micas Latinoamericana, los sectores que m\u00e1s mejoraron son el automotriz y la producci\u00f3n de qu\u00edmicos y pl\u00e1sticos &nbsp; &nbsp; La actividad industrial interrumpi\u00f3 el proceso de ca\u00edda de los \u00faltimos dos a\u00f1os y alcanz\u00f3 en enero un crecimiento interanual del 4,8%, de acuerdo al relevamiento sectorial de la Fundaci\u00f3n de Investigaciones Econ\u00f3micas Latinoamericana (FIEL). A la vez, el informe plante\u00f3 que el \u00cdndice de Producci\u00f3n Industrial (IPI) de FIEL cerr\u00f3 en 2019 con un retroceso de 4,6% respecto al a\u00f1o anterior, encadenando&#8230;<\/p>\n","protected":false},"author":3,"featured_media":51037,"comment_status":"closed","ping_status":"closed","sticky":false,"template":"","format":"standard","meta":[],"categories":[2],"tags":[],"_links":{"self":[{"href":"https:\/\/www.actualidadadiario.com\/index.php\/wp-json\/wp\/v2\/posts\/58238"}],"collection":[{"href":"https:\/\/www.actualidadadiario.com\/index.php\/wp-json\/wp\/v2\/posts"}],"about":[{"href":"https:\/\/www.actualidadadiario.com\/index.php\/wp-json\/wp\/v2\/types\/post"}],"author":[{"embeddable":true,"href":"https:\/\/www.actualidadadiario.com\/index.php\/wp-json\/wp\/v2\/users\/3"}],"replies":[{"embeddable":true,"href":"https:\/\/www.actualidadadiario.com\/index.php\/wp-json\/wp\/v2\/comments?post=58238"}],"version-history":[{"count":1,"href":"https:\/\/www.actualidadadiario.com\/index.php\/wp-json\/wp\/v2\/posts\/58238\/revisions"}],"predecessor-version":[{"id":58239,"href":"https:\/\/www.actualidadadiario.com\/index.php\/wp-json\/wp\/v2\/posts\/58238\/revisions\/58239"}],"wp:featuredmedia":[{"embeddable":true,"href":"https:\/\/www.actualidadadiario.com\/index.php\/wp-json\/wp\/v2\/media\/51037"}],"wp:attachment":[{"href":"https:\/\/www.actualidadadiario.com\/index.php\/wp-json\/wp\/v2\/media?parent=58238"}],"wp:term":[{"taxonomy":"category","embeddable":true,"href":"https:\/\/www.actualidadadiario.com\/index.php\/wp-json\/wp\/v2\/categories?post=58238"},{"taxonomy":"post_tag","embeddable":true,"href":"https:\/\/www.actualidadadiario.com\/index.php\/wp-json\/wp\/v2\/tags?post=58238"}],"curies":[{"name":"wp","href":"https:\/\/api.w.org\/{rel}","templated":true}]}}