{"id":58235,"date":"2020-02-27T12:44:44","date_gmt":"2020-02-27T15:44:44","guid":{"rendered":"https:\/\/www.actualidadadiario.com\/?p=58235"},"modified":"2020-02-27T12:44:44","modified_gmt":"2020-02-27T15:44:44","slug":"atencion-a-wichis-respaldo-a-saenz-en-casa-rosada","status":"publish","type":"post","link":"https:\/\/www.actualidadadiario.com\/index.php\/2020\/02\/27\/atencion-a-wichis-respaldo-a-saenz-en-casa-rosada\/","title":{"rendered":"Atenci\u00f3n a wichis: respaldo a S\u00e1enz en Casa Rosada"},"content":{"rendered":"<p style=\"text-align: center;\"><em><strong>El jefe de Gabinete, Santiago Cafiero, recibi\u00f3 ayer al gobernador de Salta, Gustavo S\u00e1enz, en medio de la dif\u00edcil situaci\u00f3n que atraviesan las comunidades wichis de la provincia, con la muerte de ocho menores de edad por desnutrici\u00f3n<\/strong><\/em><\/p>\n<p>&nbsp;<\/p>\n<p>Pese a que exist\u00eda la posibilidad de que el encuentro fuera con el presidente Alberto Fern\u00e1ndez, finalmente fue el funcionario nacional quien abord\u00f3 los temas principales que afectan al distrito norte\u00f1o.<\/p>\n<p>\u201cDurante el encuentro se analiz\u00f3 el avance del trabajo conjunto que desarrollan los gobiernos nacional y provincial, en materia de asistencia de las comunidades originarias del norte salte\u00f1o\u201d, seg\u00fan se indic\u00f3 en un comunicado de la Gobernaci\u00f3n de Salta.<\/p>\n<p>En esta misma l\u00ednea, el ministro de Desarrollo Social, Daniel Arroyo, consider\u00f3 que es esencial resolver el problema de la falta de agua potable en Salta y adelant\u00f3 que \u201cen pocos d\u00edas\u201d arrancar\u00e1 la construcci\u00f3n de pozos en Santa Victoria Este, con una inversi\u00f3n de un mill\u00f3n de d\u00f3lares en una regi\u00f3n donde fallecieron ocho ni\u00f1os wichis por desnutrici\u00f3n en las \u00faltimas semanas.<\/p>\n<p>\u201cLa situaci\u00f3n en Salta es muy muy grave. Hay muchos problemas, pero el problema en esencia es el agua\u201d, dijo, tras encabezar el \u201cConcurso Nacional Potenciar\u201d en la sede del Espacio Memoria y Derechos Humanos, en el porte\u00f1o barrio de N\u00fa\u00f1ez.<\/p>\n<p>En las \u00faltimas horas unos 200 wichis, entre adultos y ni\u00f1os, de Misi\u00f3n Golondrina fueron evacuados por la crecida del R\u00edo Seco, lo que se sum\u00f3 como parte de la problem\u00e1tica de esa comunidad a las muertes registrada el \u00faltimo a\u00f1o.<\/p>\n<p>Con este tel\u00f3n de fondo, la Justicia salte\u00f1a investiga el fallecimiento de al menos 13 menores wichis en busca de determinar si perdieron la vida por desnutrici\u00f3n.<\/p>\n","protected":false},"excerpt":{"rendered":"<p>El jefe de Gabinete, Santiago Cafiero, recibi\u00f3 ayer al gobernador de Salta, Gustavo S\u00e1enz, en medio de la dif\u00edcil situaci\u00f3n que atraviesan las comunidades wichis de la provincia, con la muerte de ocho menores de edad por desnutrici\u00f3n &nbsp; Pese a que exist\u00eda la posibilidad de que el encuentro fuera con el presidente Alberto Fern\u00e1ndez, finalmente fue el funcionario nacional quien abord\u00f3 los temas principales que afectan al distrito norte\u00f1o. \u201cDurante el encuentro se analiz\u00f3 el avance del trabajo conjunto que desarrollan los gobiernos nacional y provincial, en materia de&#8230;<\/p>\n","protected":false},"author":3,"featured_media":58236,"comment_status":"closed","ping_status":"closed","sticky":false,"template":"","format":"standard","meta":[],"categories":[2],"tags":[],"_links":{"self":[{"href":"https:\/\/www.actualidadadiario.com\/index.php\/wp-json\/wp\/v2\/posts\/58235"}],"collection":[{"href":"https:\/\/www.actualidadadiario.com\/index.php\/wp-json\/wp\/v2\/posts"}],"about":[{"href":"https:\/\/www.actualidadadiario.com\/index.php\/wp-json\/wp\/v2\/types\/post"}],"author":[{"embeddable":true,"href":"https:\/\/www.actualidadadiario.com\/index.php\/wp-json\/wp\/v2\/users\/3"}],"replies":[{"embeddable":true,"href":"https:\/\/www.actualidadadiario.com\/index.php\/wp-json\/wp\/v2\/comments?post=58235"}],"version-history":[{"count":1,"href":"https:\/\/www.actualidadadiario.com\/index.php\/wp-json\/wp\/v2\/posts\/58235\/revisions"}],"predecessor-version":[{"id":58237,"href":"https:\/\/www.actualidadadiario.com\/index.php\/wp-json\/wp\/v2\/posts\/58235\/revisions\/58237"}],"wp:featuredmedia":[{"embeddable":true,"href":"https:\/\/www.actualidadadiario.com\/index.php\/wp-json\/wp\/v2\/media\/58236"}],"wp:attachment":[{"href":"https:\/\/www.actualidadadiario.com\/index.php\/wp-json\/wp\/v2\/media?parent=58235"}],"wp:term":[{"taxonomy":"category","embeddable":true,"href":"https:\/\/www.actualidadadiario.com\/index.php\/wp-json\/wp\/v2\/categories?post=58235"},{"taxonomy":"post_tag","embeddable":true,"href":"https:\/\/www.actualidadadiario.com\/index.php\/wp-json\/wp\/v2\/tags?post=58235"}],"curies":[{"name":"wp","href":"https:\/\/api.w.org\/{rel}","templated":true}]}}