{"id":58222,"date":"2020-02-27T12:40:52","date_gmt":"2020-02-27T15:40:52","guid":{"rendered":"https:\/\/www.actualidadadiario.com\/?p=58222"},"modified":"2020-02-27T12:40:52","modified_gmt":"2020-02-27T15:40:52","slug":"presentaron-las-actividades-que-habra-en-marzo-para-conmemorar-el-dia-de-la-mujer","status":"publish","type":"post","link":"https:\/\/www.actualidadadiario.com\/index.php\/2020\/02\/27\/presentaron-las-actividades-que-habra-en-marzo-para-conmemorar-el-dia-de-la-mujer\/","title":{"rendered":"Presentaron las actividades que habr\u00e1 en marzo para conmemorar el D\u00eda de la Mujer"},"content":{"rendered":"<p style=\"text-align: center;\"><em><strong>La vicegobernadora Laura Stratta brind\u00f3 detalles de las m\u00faltiples actividades que tendr\u00e1n lugar en los pr\u00f3ximos d\u00edas en toda la provincia, en el marco del D\u00eda Internacional de la Mujer. \u00a0Las principales actividades se concentrar\u00e1n en los d\u00edas previos y posteriores al 8 de marzo, pero se extender\u00e1n durante todo el mes, inform\u00f3 la vicegobernadora Laura Stratta<\/strong><\/em><\/p>\n<p>&nbsp;<\/p>\n<p>Este jueves se llev\u00f3 a cabo la presentaci\u00f3n de las actividades que el Gobierno provincial impulsa para conmemorar el D\u00eda de la Mujer.<\/p>\n<p>\u201cSe trata de una agenda que viene consolid\u00e1ndose desde hace cuatro a\u00f1os con el fin de reconocer todo el camino recorrido por las mujeres y marcar los desaf\u00edos que tenemos por delante\u201d, sostuvo la vicegobernadora Laura Stratta.<\/p>\n<p>\u201cHa sido una decisi\u00f3n del gobernador Gustavo Bordet la de poder construir esta agenda de manera interministerial e intersectorial e la que participan la Vicegobernaci\u00f3n, todos los ministerios y las legisladoras. Tambi\u00e9n hay aportes del Poder Judicial, de diversas organizaciones e instituciones, y un trabajo articulado con los municipios\u201d, resalt\u00f3.<\/p>\n<p>Adelant\u00f3 que entre el 2 y el 10 de marzo habr\u00e1 jornadas de sensibilizaci\u00f3n, capacitaciones, muestras, un recambio de cuadros en el Sal\u00f3n de las Mujeres, ferias de emprendedoras y actividades culturales, pero se extender\u00e1n durante casi todo el mes.<\/p>\n<p>Consultada por el Programa \u201cMujeres L\u00edderes\u201d, Stratta se\u00f1al\u00f3 que \u201cse desarrollar\u00e1 en toda la provincia y apunta a que justamente mujeres l\u00edderes del orden nacional y provincial cuenten sus experiencias personales en el \u00e1mbito de la pol\u00edtica, en el acad\u00e9mico, empresarial, en el sindical, que son espacios en los que las mujeres vamos abri\u00e9ndonos camino\u201d.<\/p>\n<p>Por su parte, la esposa del Gobernador, Mariel \u00c1vila destac\u00f3 \u201cla preponderancia que el Gobierno provincial le da a la mujer no s\u00f3lo en el discurso, sino tambi\u00e9n en los hechos\u201d y, en tal sentido, puso como ejemplo que por primera vez en la historia Entre R\u00edos tenga una vicegobernadora mujer.<\/p>\n<p>\u201cLa mujer est\u00e1 teniendo ocupando espacios de poder en cada uno de los rincones del pa\u00eds y de la provincia\u201d, destac\u00f3.<\/p>\n","protected":false},"excerpt":{"rendered":"<p>La vicegobernadora Laura Stratta brind\u00f3 detalles de las m\u00faltiples actividades que tendr\u00e1n lugar en los pr\u00f3ximos d\u00edas en toda la provincia, en el marco del D\u00eda Internacional de la Mujer. \u00a0Las principales actividades se concentrar\u00e1n en los d\u00edas previos y posteriores al 8 de marzo, pero se extender\u00e1n durante todo el mes, inform\u00f3 la vicegobernadora Laura Stratta &nbsp; Este jueves se llev\u00f3 a cabo la presentaci\u00f3n de las actividades que el Gobierno provincial impulsa para conmemorar el D\u00eda de la Mujer. \u201cSe trata de una agenda que viene consolid\u00e1ndose desde&#8230;<\/p>\n","protected":false},"author":3,"featured_media":58223,"comment_status":"closed","ping_status":"closed","sticky":false,"template":"","format":"standard","meta":[],"categories":[15],"tags":[],"_links":{"self":[{"href":"https:\/\/www.actualidadadiario.com\/index.php\/wp-json\/wp\/v2\/posts\/58222"}],"collection":[{"href":"https:\/\/www.actualidadadiario.com\/index.php\/wp-json\/wp\/v2\/posts"}],"about":[{"href":"https:\/\/www.actualidadadiario.com\/index.php\/wp-json\/wp\/v2\/types\/post"}],"author":[{"embeddable":true,"href":"https:\/\/www.actualidadadiario.com\/index.php\/wp-json\/wp\/v2\/users\/3"}],"replies":[{"embeddable":true,"href":"https:\/\/www.actualidadadiario.com\/index.php\/wp-json\/wp\/v2\/comments?post=58222"}],"version-history":[{"count":1,"href":"https:\/\/www.actualidadadiario.com\/index.php\/wp-json\/wp\/v2\/posts\/58222\/revisions"}],"predecessor-version":[{"id":58224,"href":"https:\/\/www.actualidadadiario.com\/index.php\/wp-json\/wp\/v2\/posts\/58222\/revisions\/58224"}],"wp:featuredmedia":[{"embeddable":true,"href":"https:\/\/www.actualidadadiario.com\/index.php\/wp-json\/wp\/v2\/media\/58223"}],"wp:attachment":[{"href":"https:\/\/www.actualidadadiario.com\/index.php\/wp-json\/wp\/v2\/media?parent=58222"}],"wp:term":[{"taxonomy":"category","embeddable":true,"href":"https:\/\/www.actualidadadiario.com\/index.php\/wp-json\/wp\/v2\/categories?post=58222"},{"taxonomy":"post_tag","embeddable":true,"href":"https:\/\/www.actualidadadiario.com\/index.php\/wp-json\/wp\/v2\/tags?post=58222"}],"curies":[{"name":"wp","href":"https:\/\/api.w.org\/{rel}","templated":true}]}}