{"id":58214,"date":"2020-02-27T12:38:30","date_gmt":"2020-02-27T15:38:30","guid":{"rendered":"https:\/\/www.actualidadadiario.com\/?p=58214"},"modified":"2020-02-27T12:38:30","modified_gmt":"2020-02-27T15:38:30","slug":"el-gobierno-abrio-el-dialogo-con-la-mesa-de-enlace-por-la-actualizacion-del-inmobiliario-rural","status":"publish","type":"post","link":"https:\/\/www.actualidadadiario.com\/index.php\/2020\/02\/27\/el-gobierno-abrio-el-dialogo-con-la-mesa-de-enlace-por-la-actualizacion-del-inmobiliario-rural\/","title":{"rendered":"El gobierno abri\u00f3 el di\u00e1logo con la Mesa de Enlace por la actualizaci\u00f3n del inmobiliario rural"},"content":{"rendered":"<p style=\"text-align: center;\"><em><strong>Los ministros de Producci\u00f3n y de Econom\u00eda, Juan Jos\u00e9 Bahillo y Hugo Ballay recibieron este mi\u00e9rcoles a los dirigentes de la Mesa de Enlace de Entre R\u00edos para analizar la actualizaci\u00f3n del impuesto inmobiliario rural de la provincia<\/strong><\/em><\/p>\n<p>&nbsp;<\/p>\n<p>Durante el encuentro se explic\u00f3 que el aval\u00fao para este a\u00f1o surgir\u00e1 como conclusi\u00f3n de la labor t\u00e9cnica de expertos que trabajan sobre el an\u00e1lisis de todas las zonas agroecol\u00f3gicas entrerrianas que definen el potencial y desempe\u00f1o productivo en cada \u00e1rea. El gobierno y las entidades volver\u00e1n a reunirse para analizar los nuevos valores.<\/p>\n<p>Tambi\u00e9n destacaron la decisi\u00f3n del gobernador Gustavo Bordet de modificar la ley 9602 para destinar el 30 por ciento del impuesto inmobiliario rural (que actualmente es del 20) a la conservaci\u00f3n y mejora de los caminos rurales en la provincia.<\/p>\n<p>En ese sentido, Bahillo sostuvo al t\u00e9rmino de la reuni\u00f3n que \u201cel di\u00e1logo es la base de la construcci\u00f3n pol\u00edtica y este gobierno gestiona de cara a la sociedad&#8221;. &#8220;Hoy, los dirigentes del campo pusieron sus opiniones sobre la mesa y nosotros tambi\u00e9n. Estamos predispuestos al di\u00e1logo y a la b\u00fasqueda de consensos en un marco de respeto, pero eso no significa que vamos a delegar la toma de decisiones\u201d, se\u00f1al\u00f3.<\/p>\n<p>El n\u00famero en torno al cual rondar\u00e1 la actualizaci\u00f3n del impuesto inmobiliario rural todav\u00eda est\u00e1 en etapa de an\u00e1lisis, explicaron los funcionarios durante la reuni\u00f3n que se llev\u00f3 a cabo en el Sal\u00f3n de los Gobernadores de la Casa Gris, y remarcaron la incidencia de factores como la inflaci\u00f3n del a\u00f1o pasado y su impacto en cada actividad productiva, lo mismo que la rentabilidad de cada una de ellas. No obstante, Bahillo insisti\u00f3 en que \u201cel gobierno asume la responsabilidad, y las puertas para el di\u00e1logo seguir\u00e1n abiertas para hablar de todo lo que sea necesario\u201d.<\/p>\n<p>El titular de la cartera productiva explic\u00f3 que el gobernador Gustavo Bordet dio instrucciones claras de &#8220;trabajar para aportar a la rentabilidad y sustentabilidad de las actividades agroecon\u00f3micas entrerrianas&#8221;. \u201cLa misi\u00f3n es darle competitividad al sector. Tenemos una agenda muy rica y llena de desaf\u00edos por delante\u201d, agreg\u00f3.<\/p>\n<p>Adem\u00e1s, en consonancia con el di\u00e1logo entablado, tambi\u00e9n se analiz\u00f3 la actualizaci\u00f3n de los aval\u00faos para determinar el valor de la tierra libre de mejoras en las 37 zonas ecol\u00f3gicas econ\u00f3micas uniformes.<\/p>\n<p>Durante la charla con los representantes de las entidades productivas, Bahillo puso sobre la mesa el contexto nacional: \u201cLa Argentina est\u00e1 saliendo de un sistema econ\u00f3mico que por cuatro a\u00f1os se ocup\u00f3 de derrumbar la trama productiva y social\u201d, record\u00f3.<\/p>\n<p>En ese sentido dijo que el impacto del da\u00f1o alcanz\u00f3 a la mayor\u00eda, y reiter\u00f3 que ante ese escenario \u201cno hay que ser simplistas, llevar\u00e1 tiempo salir, pero este es un pa\u00eds con potencial y capacidad. Y se pueden desarrollar los mercados internos y externos. Hoy la prioridad es luchar contra el hambre y recomponer el mercado interno&#8221;.<\/p>\n<p>\u201cHoy estamos ac\u00e1 para debatir sobre el Impuesto Inmobiliario Rural pero sabemos que hay que estar a la altura de las circunstancias y mantener una agenda abierta porque la sociedad espera de nosotros pol\u00edticas activas que favorezcan el desarrollo y la generaci\u00f3n de empleo genuino\u201d, continu\u00f3 Bahillo.<\/p>\n<p>Junto a los ministros particip\u00f3 el titular de la Agencia Tributaria de Entre R\u00edos, Germ\u00e1n Gran\u00e9, mientras que por parte de la Mesa de Enlace estuvieron Elvio Gu\u00eda y Alfredo Bel, en representaci\u00f3n de la Federaci\u00f3n Agraria Argentina; Daniel Kindevaluc y Sergio Vinacur, por la Federaci\u00f3n Entrerriana de Cooperativas (Fedeco); Walter Feldkamp y Juan Diego Etchevehere, por la Sociedad Rural Argentina; y Jos\u00e9 Ignacio Colombato y Nicolas Tito, por la Federaci\u00f3n de Asociaciones Rurales de Entre R\u00edos.<\/p>\n","protected":false},"excerpt":{"rendered":"<p>Los ministros de Producci\u00f3n y de Econom\u00eda, Juan Jos\u00e9 Bahillo y Hugo Ballay recibieron este mi\u00e9rcoles a los dirigentes de la Mesa de Enlace de Entre R\u00edos para analizar la actualizaci\u00f3n del impuesto inmobiliario rural de la provincia &nbsp; Durante el encuentro se explic\u00f3 que el aval\u00fao para este a\u00f1o surgir\u00e1 como conclusi\u00f3n de la labor t\u00e9cnica de expertos que trabajan sobre el an\u00e1lisis de todas las zonas agroecol\u00f3gicas entrerrianas que definen el potencial y desempe\u00f1o productivo en cada \u00e1rea. El gobierno y las entidades volver\u00e1n a reunirse para analizar&#8230;<\/p>\n","protected":false},"author":3,"featured_media":58215,"comment_status":"closed","ping_status":"closed","sticky":false,"template":"","format":"standard","meta":[],"categories":[15],"tags":[],"_links":{"self":[{"href":"https:\/\/www.actualidadadiario.com\/index.php\/wp-json\/wp\/v2\/posts\/58214"}],"collection":[{"href":"https:\/\/www.actualidadadiario.com\/index.php\/wp-json\/wp\/v2\/posts"}],"about":[{"href":"https:\/\/www.actualidadadiario.com\/index.php\/wp-json\/wp\/v2\/types\/post"}],"author":[{"embeddable":true,"href":"https:\/\/www.actualidadadiario.com\/index.php\/wp-json\/wp\/v2\/users\/3"}],"replies":[{"embeddable":true,"href":"https:\/\/www.actualidadadiario.com\/index.php\/wp-json\/wp\/v2\/comments?post=58214"}],"version-history":[{"count":1,"href":"https:\/\/www.actualidadadiario.com\/index.php\/wp-json\/wp\/v2\/posts\/58214\/revisions"}],"predecessor-version":[{"id":58216,"href":"https:\/\/www.actualidadadiario.com\/index.php\/wp-json\/wp\/v2\/posts\/58214\/revisions\/58216"}],"wp:featuredmedia":[{"embeddable":true,"href":"https:\/\/www.actualidadadiario.com\/index.php\/wp-json\/wp\/v2\/media\/58215"}],"wp:attachment":[{"href":"https:\/\/www.actualidadadiario.com\/index.php\/wp-json\/wp\/v2\/media?parent=58214"}],"wp:term":[{"taxonomy":"category","embeddable":true,"href":"https:\/\/www.actualidadadiario.com\/index.php\/wp-json\/wp\/v2\/categories?post=58214"},{"taxonomy":"post_tag","embeddable":true,"href":"https:\/\/www.actualidadadiario.com\/index.php\/wp-json\/wp\/v2\/tags?post=58214"}],"curies":[{"name":"wp","href":"https:\/\/api.w.org\/{rel}","templated":true}]}}