{"id":58197,"date":"2020-02-26T12:27:09","date_gmt":"2020-02-26T15:27:09","guid":{"rendered":"https:\/\/www.actualidadadiario.com\/?p=58197"},"modified":"2020-02-26T12:27:09","modified_gmt":"2020-02-26T15:27:09","slug":"el-primer-caso-de-coronavirus-en-brasil-venia-de-italia","status":"publish","type":"post","link":"https:\/\/www.actualidadadiario.com\/index.php\/2020\/02\/26\/el-primer-caso-de-coronavirus-en-brasil-venia-de-italia\/","title":{"rendered":"El primer caso de coronavirus en Brasil ven\u00eda de Italia"},"content":{"rendered":"<p style=\"text-align: center;\"><em><strong>Las autoridades sanitarias de Brasil detectaron lo que ser\u00eda el primer caso de coronavirus en el pa\u00eds. El diagn\u00f3stico ya fue corroborado por una segunda prueba definitiva, seg\u00fan adelantaron fuentes del ministro de Salud. El titular de esa cartera, Luis Mandetta, pidi\u00f3 &#8220;mantener la calma&#8221; y dijo que el pa\u00eds se prepara para afrontar el virus de la &#8220;mejor manera&#8221;. &#8220;Es una gripe, vamos a pasar por ella y a poner todas las fichas en la ciencia. Y no podemos perder la noci\u00f3n de humanidad&#8221;, declar\u00f3 el ministro<\/strong><\/em><\/p>\n<p>&nbsp;<\/p>\n<p>&nbsp;<\/p>\n<p>El paciente es un brasile\u00f1o de 61 a\u00f1os que estuvo entre el 9 y 21 de febrero pasado en Lombard\u00eda, en el norte de Italia, pa\u00eds en el que hasta hoy se registraron doce muertes y m\u00e1s de 370 infectados por el virus .<\/p>\n<p>Mandetta intent\u00f3 poner pa\u00f1os fr\u00edos sobre la informaci\u00f3n al remarcar que el virus act\u00faa de diferente manera durante el verano, en un clima tropical o tropical de altura, como es el caso de San Pablo.<\/p>\n<p>&#8220;No se sabe si por esta regi\u00f3n del mundo el virus acelera o desacelera. Los virus se comportan de forma diferente en el Hemisferio Norte y Hemisferio Sur. Es un virus que surgi\u00f3 en la temperatura baja y puede no comportarse igual, para peor o para mejor&#8221;, advirti\u00f3 el ministro.<\/p>\n<p>&#8220;Hay que atravesar esta gripe&#8221;, subray\u00f3 el funcionario, quien record\u00f3, por \u00faltimo, que Brasil es un pa\u00eds con una poblaci\u00f3n &#8220;m\u00e1s joven&#8221; que Italia, especialmente porque los casos graves del nuevo coronavirus afecta a dicha poblaci\u00f3n.<\/p>\n<p>&nbsp;<\/p>\n<p><strong>El caso<\/strong><\/p>\n<p>Los primeros al paciente infectado se realizaron en el hospital Albert Einstein, ubicado en la zona sur de la ciudad de Sao Paulo. Luego los resultados fueron confirmados por el Instituto Adolfo Lutz, un establecimiento de referencia a nivel nacional.<\/p>\n<p>El hombre de 61 a\u00f1os presentaba algunos s\u00edntomas caracter\u00edsticos del coronavirus, como fiebre, tos, dolores en la garganta y picaz\u00f3n en la piel. Las autoridades confirmaron que se encuentra bien y por el momento no corre riesgos.<\/p>\n<p>Hasta el martes, las autoridades sanitarias brasile\u00f1as investigaron 154 casos sospechosos, pero 51 fueron descartados y otros 102 fueron clasificados como &#8220;excluidos&#8221; por no encajar en la definici\u00f3n de la Organizaci\u00f3n Mundial de la Salud (OMS) para el coronavirus.<\/p>\n","protected":false},"excerpt":{"rendered":"<p>Las autoridades sanitarias de Brasil detectaron lo que ser\u00eda el primer caso de coronavirus en el pa\u00eds. El diagn\u00f3stico ya fue corroborado por una segunda prueba definitiva, seg\u00fan adelantaron fuentes del ministro de Salud. El titular de esa cartera, Luis Mandetta, pidi\u00f3 &#8220;mantener la calma&#8221; y dijo que el pa\u00eds se prepara para afrontar el virus de la &#8220;mejor manera&#8221;. &#8220;Es una gripe, vamos a pasar por ella y a poner todas las fichas en la ciencia. Y no podemos perder la noci\u00f3n de humanidad&#8221;, declar\u00f3 el ministro &nbsp; &nbsp;&#8230;<\/p>\n","protected":false},"author":3,"featured_media":58198,"comment_status":"closed","ping_status":"closed","sticky":false,"template":"","format":"standard","meta":[],"categories":[4],"tags":[],"_links":{"self":[{"href":"https:\/\/www.actualidadadiario.com\/index.php\/wp-json\/wp\/v2\/posts\/58197"}],"collection":[{"href":"https:\/\/www.actualidadadiario.com\/index.php\/wp-json\/wp\/v2\/posts"}],"about":[{"href":"https:\/\/www.actualidadadiario.com\/index.php\/wp-json\/wp\/v2\/types\/post"}],"author":[{"embeddable":true,"href":"https:\/\/www.actualidadadiario.com\/index.php\/wp-json\/wp\/v2\/users\/3"}],"replies":[{"embeddable":true,"href":"https:\/\/www.actualidadadiario.com\/index.php\/wp-json\/wp\/v2\/comments?post=58197"}],"version-history":[{"count":1,"href":"https:\/\/www.actualidadadiario.com\/index.php\/wp-json\/wp\/v2\/posts\/58197\/revisions"}],"predecessor-version":[{"id":58199,"href":"https:\/\/www.actualidadadiario.com\/index.php\/wp-json\/wp\/v2\/posts\/58197\/revisions\/58199"}],"wp:featuredmedia":[{"embeddable":true,"href":"https:\/\/www.actualidadadiario.com\/index.php\/wp-json\/wp\/v2\/media\/58198"}],"wp:attachment":[{"href":"https:\/\/www.actualidadadiario.com\/index.php\/wp-json\/wp\/v2\/media?parent=58197"}],"wp:term":[{"taxonomy":"category","embeddable":true,"href":"https:\/\/www.actualidadadiario.com\/index.php\/wp-json\/wp\/v2\/categories?post=58197"},{"taxonomy":"post_tag","embeddable":true,"href":"https:\/\/www.actualidadadiario.com\/index.php\/wp-json\/wp\/v2\/tags?post=58197"}],"curies":[{"name":"wp","href":"https:\/\/api.w.org\/{rel}","templated":true}]}}